{"id":9833,"date":"2018-01-29T15:51:45","date_gmt":"2018-01-29T14:51:45","guid":{"rendered":"https:\/\/auschwitz.net\/?p=9833"},"modified":"2018-02-15T12:13:55","modified_gmt":"2018-02-15T11:13:55","slug":"ampliadas-en-10-000-las-plazas-escolares-para-visitar-gratis-la-exposicion-auschwitz-en-madrid","status":"publish","type":"post","link":"https:\/\/auschwitz.net\/es\/ampliadas-en-10-000-las-plazas-escolares-para-visitar-gratis-la-exposicion-auschwitz-en-madrid\/","title":{"rendered":"Ampliadas en 10.000 las plazas escolares para visitar gratis la exposici\u00f3n Auschwitz en Madrid"},"content":{"rendered":"","protected":false},"excerpt":{"rendered":"<p>M\u00e1s 620 grupos escolares de toda Espa\u00f1a han reservado plaza para visitar\u00a0la muestra\u00a0Auschwitz. No hace mucho. No muy lejos. durante su primer mes de apertura,\u00a0agotando las 20.000\u00a0plazas escolares gratuitas disponibles gracias a la colaboraci\u00f3n de\u00a0Musealia, compa\u00f1\u00eda creadora de la muestra junto al Museo Estatal de Auschwitz Birkenau, y Canal de Isabel II.\u00a0<\/p>\n","protected":false},"author":6,"featured_media":10069,"comment_status":"closed","ping_status":"closed","sticky":false,"template":"","format":"standard","meta":{"footnotes":""},"categories":[3],"tags":[],"class_list":["post-9833","post","type-post","status-publish","format-standard","has-post-thumbnail","hentry","category-notas-de-prensa"],"yoast_head":"<!-- This site is optimized with the Yoast SEO plugin v26.8 - https:\/\/yoast.com\/product\/yoast-seo-wordpress\/ -->\n<title>Blog exposici\u00f3n Auschwitz - Ampliadas las plazas para colegios<\/title>\n<meta name=\"robots\" content=\"index, follow, max-snippet:-1, max-image-preview:large, max-video-preview:-1\" \/>\n<link rel=\"canonical\" href=\"https:\/\/auschwitz.net\/es\/ampliadas-en-10-000-las-plazas-escolares-para-visitar-gratis-la-exposicion-auschwitz-en-madrid\/\" \/>\n<meta property=\"og:locale\" content=\"es_ES\" \/>\n<meta property=\"og:type\" content=\"article\" \/>\n<meta property=\"og:title\" content=\"Blog exposici\u00f3n Auschwitz - Ampliadas las plazas para colegios\" \/>\n<meta property=\"og:description\" content=\"M\u00e1s 620 grupos escolares de toda Espa\u00f1a han reservado plaza para visitar\u00a0la muestra\u00a0Auschwitz. No hace mucho. No muy lejos. durante su primer mes de apertura,\u00a0agotando las 20.000\u00a0plazas escolares gratuitas disponibles gracias a la colaboraci\u00f3n de\u00a0Musealia, compa\u00f1\u00eda creadora de la muestra junto al Museo Estatal de Auschwitz Birkenau, y Canal de Isabel II.\u00a0\" \/>\n<meta property=\"og:url\" content=\"https:\/\/auschwitz.net\/es\/ampliadas-en-10-000-las-plazas-escolares-para-visitar-gratis-la-exposicion-auschwitz-en-madrid\/\" \/>\n<meta property=\"og:site_name\" content=\"Auschwitz\" \/>\n<meta property=\"article:publisher\" content=\"https:\/\/www.facebook.com\/auschwitzexhibition\/\" \/>\n<meta property=\"article:published_time\" content=\"2018-01-29T14:51:45+00:00\" \/>\n<meta property=\"article:modified_time\" content=\"2018-02-15T11:13:55+00:00\" \/>\n<meta property=\"og:image\" content=\"https:\/\/auschwitz.net\/wp-content\/uploads\/2018\/02\/Noticias_Pr02.jpg\" \/>\n\t<meta property=\"og:image:width\" content=\"810\" \/>\n\t<meta property=\"og:image:height\" content=\"450\" \/>\n\t<meta property=\"og:image:type\" content=\"image\/jpeg\" \/>\n<meta name=\"author\" content=\"Auschwitz Exhibition\" \/>\n<meta name=\"twitter:card\" content=\"summary_large_image\" \/>\n<meta name=\"twitter:creator\" content=\"@auschwitzxhibit\" \/>\n<meta name=\"twitter:site\" content=\"@auschwitzxhibit\" \/>\n<meta name=\"twitter:label1\" content=\"Escrito por\" \/>\n\t<meta name=\"twitter:data1\" content=\"Auschwitz Exhibition\" \/>\n<script type=\"application\/ld+json\" class=\"yoast-schema-graph\">{\"@context\":\"https:\/\/schema.org\",\"@graph\":[{\"@type\":\"Article\",\"@id\":\"https:\/\/auschwitz.net\/es\/ampliadas-en-10-000-las-plazas-escolares-para-visitar-gratis-la-exposicion-auschwitz-en-madrid\/#article\",\"isPartOf\":{\"@id\":\"https:\/\/auschwitz.net\/es\/ampliadas-en-10-000-las-plazas-escolares-para-visitar-gratis-la-exposicion-auschwitz-en-madrid\/\"},\"author\":{\"name\":\"Auschwitz Exhibition\",\"@id\":\"https:\/\/auschwitz.net\/#\/schema\/person\/254b9fa5e9e47d8fc7cbf924240e9735\"},\"headline\":\"Ampliadas en 10.000 las plazas escolares para visitar gratis la exposici\u00f3n Auschwitz en Madrid\",\"datePublished\":\"2018-01-29T14:51:45+00:00\",\"dateModified\":\"2018-02-15T11:13:55+00:00\",\"mainEntityOfPage\":{\"@id\":\"https:\/\/auschwitz.net\/es\/ampliadas-en-10-000-las-plazas-escolares-para-visitar-gratis-la-exposicion-auschwitz-en-madrid\/\"},\"wordCount\":14,\"image\":{\"@id\":\"https:\/\/auschwitz.net\/es\/ampliadas-en-10-000-las-plazas-escolares-para-visitar-gratis-la-exposicion-auschwitz-en-madrid\/#primaryimage\"},\"thumbnailUrl\":\"https:\/\/auschwitz.net\/wp-content\/uploads\/2018\/02\/Noticias_Pr02.jpg\",\"articleSection\":[\"Notas de prensa\"],\"inLanguage\":\"es\"},{\"@type\":\"WebPage\",\"@id\":\"https:\/\/auschwitz.net\/es\/ampliadas-en-10-000-las-plazas-escolares-para-visitar-gratis-la-exposicion-auschwitz-en-madrid\/\",\"url\":\"https:\/\/auschwitz.net\/es\/ampliadas-en-10-000-las-plazas-escolares-para-visitar-gratis-la-exposicion-auschwitz-en-madrid\/\",\"name\":\"Blog exposici\u00f3n Auschwitz - Ampliadas las plazas para colegios\",\"isPartOf\":{\"@id\":\"https:\/\/auschwitz.net\/#website\"},\"primaryImageOfPage\":{\"@id\":\"https:\/\/auschwitz.net\/es\/ampliadas-en-10-000-las-plazas-escolares-para-visitar-gratis-la-exposicion-auschwitz-en-madrid\/#primaryimage\"},\"image\":{\"@id\":\"https:\/\/auschwitz.net\/es\/ampliadas-en-10-000-las-plazas-escolares-para-visitar-gratis-la-exposicion-auschwitz-en-madrid\/#primaryimage\"},\"thumbnailUrl\":\"https:\/\/auschwitz.net\/wp-content\/uploads\/2018\/02\/Noticias_Pr02.jpg\",\"datePublished\":\"2018-01-29T14:51:45+00:00\",\"dateModified\":\"2018-02-15T11:13:55+00:00\",\"author\":{\"@id\":\"https:\/\/auschwitz.net\/#\/schema\/person\/254b9fa5e9e47d8fc7cbf924240e9735\"},\"breadcrumb\":{\"@id\":\"https:\/\/auschwitz.net\/es\/ampliadas-en-10-000-las-plazas-escolares-para-visitar-gratis-la-exposicion-auschwitz-en-madrid\/#breadcrumb\"},\"inLanguage\":\"es\",\"potentialAction\":[{\"@type\":\"ReadAction\",\"target\":[\"https:\/\/auschwitz.net\/es\/ampliadas-en-10-000-las-plazas-escolares-para-visitar-gratis-la-exposicion-auschwitz-en-madrid\/\"]}]},{\"@type\":\"ImageObject\",\"inLanguage\":\"es\",\"@id\":\"https:\/\/auschwitz.net\/es\/ampliadas-en-10-000-las-plazas-escolares-para-visitar-gratis-la-exposicion-auschwitz-en-madrid\/#primaryimage\",\"url\":\"https:\/\/auschwitz.net\/wp-content\/uploads\/2018\/02\/Noticias_Pr02.jpg\",\"contentUrl\":\"https:\/\/auschwitz.net\/wp-content\/uploads\/2018\/02\/Noticias_Pr02.jpg\",\"width\":810,\"height\":450,\"caption\":\"J\u00f3venes visitando la exposici\u00f3n\"},{\"@type\":\"BreadcrumbList\",\"@id\":\"https:\/\/auschwitz.net\/es\/ampliadas-en-10-000-las-plazas-escolares-para-visitar-gratis-la-exposicion-auschwitz-en-madrid\/#breadcrumb\",\"itemListElement\":[{\"@type\":\"ListItem\",\"position\":1,\"name\":\"Portada\",\"item\":\"https:\/\/auschwitz.net\/es\/?page_id=17381\"},{\"@type\":\"ListItem\",\"position\":2,\"name\":\"Ampliadas en 10.000 las plazas escolares para visitar gratis la exposici\u00f3n Auschwitz en Madrid\"}]},{\"@type\":\"WebSite\",\"@id\":\"https:\/\/auschwitz.net\/#website\",\"url\":\"https:\/\/auschwitz.net\/\",\"name\":\"Auschwitz\",\"description\":\"Exposici\u00f3n Auschwitz, en Madrid hasta el 16 de junio de 2018. Una emotiva y rigurosa muestra sobre el mayor campo nazi alem\u00e1n, con m\u00e1s de 600 objetos originales.\",\"potentialAction\":[{\"@type\":\"SearchAction\",\"target\":{\"@type\":\"EntryPoint\",\"urlTemplate\":\"https:\/\/auschwitz.net\/?s={search_term_string}\"},\"query-input\":{\"@type\":\"PropertyValueSpecification\",\"valueRequired\":true,\"valueName\":\"search_term_string\"}}],\"inLanguage\":\"es\"},{\"@type\":\"Person\",\"@id\":\"https:\/\/auschwitz.net\/#\/schema\/person\/254b9fa5e9e47d8fc7cbf924240e9735\",\"name\":\"Auschwitz Exhibition\",\"image\":{\"@type\":\"ImageObject\",\"inLanguage\":\"es\",\"@id\":\"https:\/\/auschwitz.net\/#\/schema\/person\/image\/\",\"url\":\"https:\/\/secure.gravatar.com\/avatar\/b7fb7508f7906607487424635cc60d2d0859f0482242a09fbd0fcbfd88570f79?s=96&d=mm&r=g\",\"contentUrl\":\"https:\/\/secure.gravatar.com\/avatar\/b7fb7508f7906607487424635cc60d2d0859f0482242a09fbd0fcbfd88570f79?s=96&d=mm&r=g\",\"caption\":\"Auschwitz Exhibition\"},\"url\":\"https:\/\/auschwitz.net\/es\/author\/irene\/\"}]}<\/script>\n<!-- \/ Yoast SEO plugin. -->","yoast_head_json":{"title":"Blog exposici\u00f3n Auschwitz - Ampliadas las plazas para colegios","robots":{"index":"index","follow":"follow","max-snippet":"max-snippet:-1","max-image-preview":"max-image-preview:large","max-video-preview":"max-video-preview:-1"},"canonical":"https:\/\/auschwitz.net\/es\/ampliadas-en-10-000-las-plazas-escolares-para-visitar-gratis-la-exposicion-auschwitz-en-madrid\/","og_locale":"es_ES","og_type":"article","og_title":"Blog exposici\u00f3n Auschwitz - Ampliadas las plazas para colegios","og_description":"M\u00e1s 620 grupos escolares de toda Espa\u00f1a han reservado plaza para visitar\u00a0la muestra\u00a0Auschwitz. No hace mucho. No muy lejos. durante su primer mes de apertura,\u00a0agotando las 20.000\u00a0plazas escolares gratuitas disponibles gracias a la colaboraci\u00f3n de\u00a0Musealia, compa\u00f1\u00eda creadora de la muestra junto al Museo Estatal de Auschwitz Birkenau, y Canal de Isabel II.\u00a0","og_url":"https:\/\/auschwitz.net\/es\/ampliadas-en-10-000-las-plazas-escolares-para-visitar-gratis-la-exposicion-auschwitz-en-madrid\/","og_site_name":"Auschwitz","article_publisher":"https:\/\/www.facebook.com\/auschwitzexhibition\/","article_published_time":"2018-01-29T14:51:45+00:00","article_modified_time":"2018-02-15T11:13:55+00:00","og_image":[{"width":810,"height":450,"url":"https:\/\/auschwitz.net\/wp-content\/uploads\/2018\/02\/Noticias_Pr02.jpg","type":"image\/jpeg"}],"author":"Auschwitz Exhibition","twitter_card":"summary_large_image","twitter_creator":"@auschwitzxhibit","twitter_site":"@auschwitzxhibit","twitter_misc":{"Escrito por":"Auschwitz Exhibition"},"schema":{"@context":"https:\/\/schema.org","@graph":[{"@type":"Article","@id":"https:\/\/auschwitz.net\/es\/ampliadas-en-10-000-las-plazas-escolares-para-visitar-gratis-la-exposicion-auschwitz-en-madrid\/#article","isPartOf":{"@id":"https:\/\/auschwitz.net\/es\/ampliadas-en-10-000-las-plazas-escolares-para-visitar-gratis-la-exposicion-auschwitz-en-madrid\/"},"author":{"name":"Auschwitz Exhibition","@id":"https:\/\/auschwitz.net\/#\/schema\/person\/254b9fa5e9e47d8fc7cbf924240e9735"},"headline":"Ampliadas en 10.000 las plazas escolares para visitar gratis la exposici\u00f3n Auschwitz en Madrid","datePublished":"2018-01-29T14:51:45+00:00","dateModified":"2018-02-15T11:13:55+00:00","mainEntityOfPage":{"@id":"https:\/\/auschwitz.net\/es\/ampliadas-en-10-000-las-plazas-escolares-para-visitar-gratis-la-exposicion-auschwitz-en-madrid\/"},"wordCount":14,"image":{"@id":"https:\/\/auschwitz.net\/es\/ampliadas-en-10-000-las-plazas-escolares-para-visitar-gratis-la-exposicion-auschwitz-en-madrid\/#primaryimage"},"thumbnailUrl":"https:\/\/auschwitz.net\/wp-content\/uploads\/2018\/02\/Noticias_Pr02.jpg","articleSection":["Notas de prensa"],"inLanguage":"es"},{"@type":"WebPage","@id":"https:\/\/auschwitz.net\/es\/ampliadas-en-10-000-las-plazas-escolares-para-visitar-gratis-la-exposicion-auschwitz-en-madrid\/","url":"https:\/\/auschwitz.net\/es\/ampliadas-en-10-000-las-plazas-escolares-para-visitar-gratis-la-exposicion-auschwitz-en-madrid\/","name":"Blog exposici\u00f3n Auschwitz - Ampliadas las plazas para colegios","isPartOf":{"@id":"https:\/\/auschwitz.net\/#website"},"primaryImageOfPage":{"@id":"https:\/\/auschwitz.net\/es\/ampliadas-en-10-000-las-plazas-escolares-para-visitar-gratis-la-exposicion-auschwitz-en-madrid\/#primaryimage"},"image":{"@id":"https:\/\/auschwitz.net\/es\/ampliadas-en-10-000-las-plazas-escolares-para-visitar-gratis-la-exposicion-auschwitz-en-madrid\/#primaryimage"},"thumbnailUrl":"https:\/\/auschwitz.net\/wp-content\/uploads\/2018\/02\/Noticias_Pr02.jpg","datePublished":"2018-01-29T14:51:45+00:00","dateModified":"2018-02-15T11:13:55+00:00","author":{"@id":"https:\/\/auschwitz.net\/#\/schema\/person\/254b9fa5e9e47d8fc7cbf924240e9735"},"breadcrumb":{"@id":"https:\/\/auschwitz.net\/es\/ampliadas-en-10-000-las-plazas-escolares-para-visitar-gratis-la-exposicion-auschwitz-en-madrid\/#breadcrumb"},"inLanguage":"es","potentialAction":[{"@type":"ReadAction","target":["https:\/\/auschwitz.net\/es\/ampliadas-en-10-000-las-plazas-escolares-para-visitar-gratis-la-exposicion-auschwitz-en-madrid\/"]}]},{"@type":"ImageObject","inLanguage":"es","@id":"https:\/\/auschwitz.net\/es\/ampliadas-en-10-000-las-plazas-escolares-para-visitar-gratis-la-exposicion-auschwitz-en-madrid\/#primaryimage","url":"https:\/\/auschwitz.net\/wp-content\/uploads\/2018\/02\/Noticias_Pr02.jpg","contentUrl":"https:\/\/auschwitz.net\/wp-content\/uploads\/2018\/02\/Noticias_Pr02.jpg","width":810,"height":450,"caption":"J\u00f3venes visitando la exposici\u00f3n"},{"@type":"BreadcrumbList","@id":"https:\/\/auschwitz.net\/es\/ampliadas-en-10-000-las-plazas-escolares-para-visitar-gratis-la-exposicion-auschwitz-en-madrid\/#breadcrumb","itemListElement":[{"@type":"ListItem","position":1,"name":"Portada","item":"https:\/\/auschwitz.net\/es\/?page_id=17381"},{"@type":"ListItem","position":2,"name":"Ampliadas en 10.000 las plazas escolares para visitar gratis la exposici\u00f3n Auschwitz en Madrid"}]},{"@type":"WebSite","@id":"https:\/\/auschwitz.net\/#website","url":"https:\/\/auschwitz.net\/","name":"Auschwitz","description":"Exposici\u00f3n Auschwitz, en Madrid hasta el 16 de junio de 2018. Una emotiva y rigurosa muestra sobre el mayor campo nazi alem\u00e1n, con m\u00e1s de 600 objetos originales.","potentialAction":[{"@type":"SearchAction","target":{"@type":"EntryPoint","urlTemplate":"https:\/\/auschwitz.net\/?s={search_term_string}"},"query-input":{"@type":"PropertyValueSpecification","valueRequired":true,"valueName":"search_term_string"}}],"inLanguage":"es"},{"@type":"Person","@id":"https:\/\/auschwitz.net\/#\/schema\/person\/254b9fa5e9e47d8fc7cbf924240e9735","name":"Auschwitz Exhibition","image":{"@type":"ImageObject","inLanguage":"es","@id":"https:\/\/auschwitz.net\/#\/schema\/person\/image\/","url":"https:\/\/secure.gravatar.com\/avatar\/b7fb7508f7906607487424635cc60d2d0859f0482242a09fbd0fcbfd88570f79?s=96&d=mm&r=g","contentUrl":"https:\/\/secure.gravatar.com\/avatar\/b7fb7508f7906607487424635cc60d2d0859f0482242a09fbd0fcbfd88570f79?s=96&d=mm&r=g","caption":"Auschwitz Exhibition"},"url":"https:\/\/auschwitz.net\/es\/author\/irene\/"}]}},"_links":{"self":[{"href":"https:\/\/auschwitz.net\/es\/wp-json\/wp\/v2\/posts\/9833","targetHints":{"allow":["GET"]}}],"collection":[{"href":"https:\/\/auschwitz.net\/es\/wp-json\/wp\/v2\/posts"}],"about":[{"href":"https:\/\/auschwitz.net\/es\/wp-json\/wp\/v2\/types\/post"}],"author":[{"embeddable":true,"href":"https:\/\/auschwitz.net\/es\/wp-json\/wp\/v2\/users\/6"}],"replies":[{"embeddable":true,"href":"https:\/\/auschwitz.net\/es\/wp-json\/wp\/v2\/comments?post=9833"}],"version-history":[{"count":5,"href":"https:\/\/auschwitz.net\/es\/wp-json\/wp\/v2\/posts\/9833\/revisions"}],"predecessor-version":[{"id":10048,"href":"https:\/\/auschwitz.net\/es\/wp-json\/wp\/v2\/posts\/9833\/revisions\/10048"}],"wp:featuredmedia":[{"embeddable":true,"href":"https:\/\/auschwitz.net\/es\/wp-json\/wp\/v2\/media\/10069"}],"wp:attachment":[{"href":"https:\/\/auschwitz.net\/es\/wp-json\/wp\/v2\/media?parent=9833"}],"wp:term":[{"taxonomy":"category","embeddable":true,"href":"https:\/\/auschwitz.net\/es\/wp-json\/wp\/v2\/categories?post=9833"},{"taxonomy":"post_tag","embeddable":true,"href":"https:\/\/auschwitz.net\/es\/wp-json\/wp\/v2\/tags?post=9833"}],"curies":[{"name":"wp","href":"https:\/\/api.w.org\/{rel}","templated":true}]}}