{"id":9611,"date":"2018-02-12T10:08:49","date_gmt":"2018-02-12T09:08:49","guid":{"rendered":"https:\/\/auschwitz.net\/?p=9611"},"modified":"2018-02-12T10:12:18","modified_gmt":"2018-02-12T09:12:18","slug":"madagascar","status":"publish","type":"post","link":"https:\/\/auschwitz.net\/es\/madagascar\/","title":{"rendered":"El Plan Madagascar de la Alemania nazi durante el Holocausto"},"content":{"rendered":"","protected":false},"excerpt":{"rendered":"<p>El auge del antisemitismo en Alemania no empez\u00f3, como muchos piensan, con la llegada al poder de Hitler. La hostilidad religiosa hacia los jud\u00edos exist\u00eda en la Europa cristiana desde siglos atr\u00e1s, al culpar parte de la poblaci\u00f3n al pueblo jud\u00edo por la muerte de Jes\u00fas, err\u00f3neamente.<\/p>\n","protected":false},"author":6,"featured_media":9985,"comment_status":"closed","ping_status":"closed","sticky":false,"template":"","format":"standard","meta":{"footnotes":""},"categories":[4],"tags":[],"class_list":["post-9611","post","type-post","status-publish","format-standard","has-post-thumbnail","hentry","category-apuntes-historicos"],"yoast_head":"<!-- This site is optimized with the Yoast SEO plugin v26.8 - https:\/\/yoast.com\/product\/yoast-seo-wordpress\/ -->\n<title>Blog Exposici\u00f3n Auschwitz - El Plan Madagascar de la Alemania nazi<\/title>\n<meta name=\"robots\" content=\"index, follow, max-snippet:-1, max-image-preview:large, max-video-preview:-1\" \/>\n<link rel=\"canonical\" href=\"https:\/\/auschwitz.net\/es\/madagascar\/\" \/>\n<meta property=\"og:locale\" content=\"es_ES\" \/>\n<meta property=\"og:type\" content=\"article\" \/>\n<meta property=\"og:title\" content=\"Blog Exposici\u00f3n Auschwitz - El Plan Madagascar de la Alemania nazi\" \/>\n<meta property=\"og:description\" content=\"El auge del antisemitismo en Alemania no empez\u00f3, como muchos piensan, con la llegada al poder de Hitler. La hostilidad religiosa hacia los jud\u00edos exist\u00eda en la Europa cristiana desde siglos atr\u00e1s, al culpar parte de la poblaci\u00f3n al pueblo jud\u00edo por la muerte de Jes\u00fas, err\u00f3neamente.\" \/>\n<meta property=\"og:url\" content=\"https:\/\/auschwitz.net\/es\/madagascar\/\" \/>\n<meta property=\"og:site_name\" content=\"Auschwitz\" \/>\n<meta property=\"article:publisher\" content=\"https:\/\/www.facebook.com\/auschwitzexhibition\/\" \/>\n<meta property=\"article:published_time\" content=\"2018-02-12T09:08:49+00:00\" \/>\n<meta property=\"article:modified_time\" content=\"2018-02-12T09:12:18+00:00\" \/>\n<meta property=\"og:image\" content=\"https:\/\/auschwitz.net\/wp-content\/uploads\/2018\/02\/Captura-de-pantalla-2018-02-09-a-las-9.54.11.png\" \/>\n\t<meta property=\"og:image:width\" content=\"720\" \/>\n\t<meta property=\"og:image:height\" content=\"654\" \/>\n\t<meta property=\"og:image:type\" content=\"image\/png\" \/>\n<meta name=\"author\" content=\"Auschwitz Exhibition\" \/>\n<meta name=\"twitter:card\" content=\"summary_large_image\" \/>\n<meta name=\"twitter:creator\" content=\"@auschwitzxhibit\" \/>\n<meta name=\"twitter:site\" content=\"@auschwitzxhibit\" \/>\n<meta name=\"twitter:label1\" content=\"Escrito por\" \/>\n\t<meta name=\"twitter:data1\" content=\"Auschwitz Exhibition\" \/>\n<script type=\"application\/ld+json\" class=\"yoast-schema-graph\">{\"@context\":\"https:\/\/schema.org\",\"@graph\":[{\"@type\":\"Article\",\"@id\":\"https:\/\/auschwitz.net\/es\/madagascar\/#article\",\"isPartOf\":{\"@id\":\"https:\/\/auschwitz.net\/es\/madagascar\/\"},\"author\":{\"name\":\"Auschwitz Exhibition\",\"@id\":\"https:\/\/auschwitz.net\/#\/schema\/person\/254b9fa5e9e47d8fc7cbf924240e9735\"},\"headline\":\"El Plan Madagascar de la Alemania nazi durante el Holocausto\",\"datePublished\":\"2018-02-12T09:08:49+00:00\",\"dateModified\":\"2018-02-12T09:12:18+00:00\",\"mainEntityOfPage\":{\"@id\":\"https:\/\/auschwitz.net\/es\/madagascar\/\"},\"wordCount\":10,\"image\":{\"@id\":\"https:\/\/auschwitz.net\/es\/madagascar\/#primaryimage\"},\"thumbnailUrl\":\"https:\/\/auschwitz.net\/wp-content\/uploads\/2018\/02\/Captura-de-pantalla-2018-02-09-a-las-9.54.11.png\",\"articleSection\":[\"Apuntes hist\u00f3ricos\"],\"inLanguage\":\"es\"},{\"@type\":\"WebPage\",\"@id\":\"https:\/\/auschwitz.net\/es\/madagascar\/\",\"url\":\"https:\/\/auschwitz.net\/es\/madagascar\/\",\"name\":\"Blog Exposici\u00f3n Auschwitz - El Plan Madagascar de la Alemania nazi\",\"isPartOf\":{\"@id\":\"https:\/\/auschwitz.net\/#website\"},\"primaryImageOfPage\":{\"@id\":\"https:\/\/auschwitz.net\/es\/madagascar\/#primaryimage\"},\"image\":{\"@id\":\"https:\/\/auschwitz.net\/es\/madagascar\/#primaryimage\"},\"thumbnailUrl\":\"https:\/\/auschwitz.net\/wp-content\/uploads\/2018\/02\/Captura-de-pantalla-2018-02-09-a-las-9.54.11.png\",\"datePublished\":\"2018-02-12T09:08:49+00:00\",\"dateModified\":\"2018-02-12T09:12:18+00:00\",\"author\":{\"@id\":\"https:\/\/auschwitz.net\/#\/schema\/person\/254b9fa5e9e47d8fc7cbf924240e9735\"},\"breadcrumb\":{\"@id\":\"https:\/\/auschwitz.net\/es\/madagascar\/#breadcrumb\"},\"inLanguage\":\"es\",\"potentialAction\":[{\"@type\":\"ReadAction\",\"target\":[\"https:\/\/auschwitz.net\/es\/madagascar\/\"]}]},{\"@type\":\"ImageObject\",\"inLanguage\":\"es\",\"@id\":\"https:\/\/auschwitz.net\/es\/madagascar\/#primaryimage\",\"url\":\"https:\/\/auschwitz.net\/wp-content\/uploads\/2018\/02\/Captura-de-pantalla-2018-02-09-a-las-9.54.11.png\",\"contentUrl\":\"https:\/\/auschwitz.net\/wp-content\/uploads\/2018\/02\/Captura-de-pantalla-2018-02-09-a-las-9.54.11.png\",\"width\":720,\"height\":654,\"caption\":\"Mapa de Madagascar expuesto en Arte Canal\"},{\"@type\":\"BreadcrumbList\",\"@id\":\"https:\/\/auschwitz.net\/es\/madagascar\/#breadcrumb\",\"itemListElement\":[{\"@type\":\"ListItem\",\"position\":1,\"name\":\"Portada\",\"item\":\"https:\/\/auschwitz.net\/es\/?page_id=17381\"},{\"@type\":\"ListItem\",\"position\":2,\"name\":\"El Plan Madagascar de la Alemania nazi durante el Holocausto\"}]},{\"@type\":\"WebSite\",\"@id\":\"https:\/\/auschwitz.net\/#website\",\"url\":\"https:\/\/auschwitz.net\/\",\"name\":\"Auschwitz\",\"description\":\"Exposici\u00f3n Auschwitz, en Madrid hasta el 16 de junio de 2018. Una emotiva y rigurosa muestra sobre el mayor campo nazi alem\u00e1n, con m\u00e1s de 600 objetos originales.\",\"potentialAction\":[{\"@type\":\"SearchAction\",\"target\":{\"@type\":\"EntryPoint\",\"urlTemplate\":\"https:\/\/auschwitz.net\/?s={search_term_string}\"},\"query-input\":{\"@type\":\"PropertyValueSpecification\",\"valueRequired\":true,\"valueName\":\"search_term_string\"}}],\"inLanguage\":\"es\"},{\"@type\":\"Person\",\"@id\":\"https:\/\/auschwitz.net\/#\/schema\/person\/254b9fa5e9e47d8fc7cbf924240e9735\",\"name\":\"Auschwitz Exhibition\",\"image\":{\"@type\":\"ImageObject\",\"inLanguage\":\"es\",\"@id\":\"https:\/\/auschwitz.net\/#\/schema\/person\/image\/\",\"url\":\"https:\/\/secure.gravatar.com\/avatar\/b7fb7508f7906607487424635cc60d2d0859f0482242a09fbd0fcbfd88570f79?s=96&d=mm&r=g\",\"contentUrl\":\"https:\/\/secure.gravatar.com\/avatar\/b7fb7508f7906607487424635cc60d2d0859f0482242a09fbd0fcbfd88570f79?s=96&d=mm&r=g\",\"caption\":\"Auschwitz Exhibition\"},\"url\":\"https:\/\/auschwitz.net\/es\/author\/irene\/\"}]}<\/script>\n<!-- \/ Yoast SEO plugin. -->","yoast_head_json":{"title":"Blog Exposici\u00f3n Auschwitz - El Plan Madagascar de la Alemania nazi","robots":{"index":"index","follow":"follow","max-snippet":"max-snippet:-1","max-image-preview":"max-image-preview:large","max-video-preview":"max-video-preview:-1"},"canonical":"https:\/\/auschwitz.net\/es\/madagascar\/","og_locale":"es_ES","og_type":"article","og_title":"Blog Exposici\u00f3n Auschwitz - El Plan Madagascar de la Alemania nazi","og_description":"El auge del antisemitismo en Alemania no empez\u00f3, como muchos piensan, con la llegada al poder de Hitler. La hostilidad religiosa hacia los jud\u00edos exist\u00eda en la Europa cristiana desde siglos atr\u00e1s, al culpar parte de la poblaci\u00f3n al pueblo jud\u00edo por la muerte de Jes\u00fas, err\u00f3neamente.","og_url":"https:\/\/auschwitz.net\/es\/madagascar\/","og_site_name":"Auschwitz","article_publisher":"https:\/\/www.facebook.com\/auschwitzexhibition\/","article_published_time":"2018-02-12T09:08:49+00:00","article_modified_time":"2018-02-12T09:12:18+00:00","og_image":[{"width":720,"height":654,"url":"https:\/\/auschwitz.net\/wp-content\/uploads\/2018\/02\/Captura-de-pantalla-2018-02-09-a-las-9.54.11.png","type":"image\/png"}],"author":"Auschwitz Exhibition","twitter_card":"summary_large_image","twitter_creator":"@auschwitzxhibit","twitter_site":"@auschwitzxhibit","twitter_misc":{"Escrito por":"Auschwitz Exhibition"},"schema":{"@context":"https:\/\/schema.org","@graph":[{"@type":"Article","@id":"https:\/\/auschwitz.net\/es\/madagascar\/#article","isPartOf":{"@id":"https:\/\/auschwitz.net\/es\/madagascar\/"},"author":{"name":"Auschwitz Exhibition","@id":"https:\/\/auschwitz.net\/#\/schema\/person\/254b9fa5e9e47d8fc7cbf924240e9735"},"headline":"El Plan Madagascar de la Alemania nazi durante el Holocausto","datePublished":"2018-02-12T09:08:49+00:00","dateModified":"2018-02-12T09:12:18+00:00","mainEntityOfPage":{"@id":"https:\/\/auschwitz.net\/es\/madagascar\/"},"wordCount":10,"image":{"@id":"https:\/\/auschwitz.net\/es\/madagascar\/#primaryimage"},"thumbnailUrl":"https:\/\/auschwitz.net\/wp-content\/uploads\/2018\/02\/Captura-de-pantalla-2018-02-09-a-las-9.54.11.png","articleSection":["Apuntes hist\u00f3ricos"],"inLanguage":"es"},{"@type":"WebPage","@id":"https:\/\/auschwitz.net\/es\/madagascar\/","url":"https:\/\/auschwitz.net\/es\/madagascar\/","name":"Blog Exposici\u00f3n Auschwitz - El Plan Madagascar de la Alemania nazi","isPartOf":{"@id":"https:\/\/auschwitz.net\/#website"},"primaryImageOfPage":{"@id":"https:\/\/auschwitz.net\/es\/madagascar\/#primaryimage"},"image":{"@id":"https:\/\/auschwitz.net\/es\/madagascar\/#primaryimage"},"thumbnailUrl":"https:\/\/auschwitz.net\/wp-content\/uploads\/2018\/02\/Captura-de-pantalla-2018-02-09-a-las-9.54.11.png","datePublished":"2018-02-12T09:08:49+00:00","dateModified":"2018-02-12T09:12:18+00:00","author":{"@id":"https:\/\/auschwitz.net\/#\/schema\/person\/254b9fa5e9e47d8fc7cbf924240e9735"},"breadcrumb":{"@id":"https:\/\/auschwitz.net\/es\/madagascar\/#breadcrumb"},"inLanguage":"es","potentialAction":[{"@type":"ReadAction","target":["https:\/\/auschwitz.net\/es\/madagascar\/"]}]},{"@type":"ImageObject","inLanguage":"es","@id":"https:\/\/auschwitz.net\/es\/madagascar\/#primaryimage","url":"https:\/\/auschwitz.net\/wp-content\/uploads\/2018\/02\/Captura-de-pantalla-2018-02-09-a-las-9.54.11.png","contentUrl":"https:\/\/auschwitz.net\/wp-content\/uploads\/2018\/02\/Captura-de-pantalla-2018-02-09-a-las-9.54.11.png","width":720,"height":654,"caption":"Mapa de Madagascar expuesto en Arte Canal"},{"@type":"BreadcrumbList","@id":"https:\/\/auschwitz.net\/es\/madagascar\/#breadcrumb","itemListElement":[{"@type":"ListItem","position":1,"name":"Portada","item":"https:\/\/auschwitz.net\/es\/?page_id=17381"},{"@type":"ListItem","position":2,"name":"El Plan Madagascar de la Alemania nazi durante el Holocausto"}]},{"@type":"WebSite","@id":"https:\/\/auschwitz.net\/#website","url":"https:\/\/auschwitz.net\/","name":"Auschwitz","description":"Exposici\u00f3n Auschwitz, en Madrid hasta el 16 de junio de 2018. Una emotiva y rigurosa muestra sobre el mayor campo nazi alem\u00e1n, con m\u00e1s de 600 objetos originales.","potentialAction":[{"@type":"SearchAction","target":{"@type":"EntryPoint","urlTemplate":"https:\/\/auschwitz.net\/?s={search_term_string}"},"query-input":{"@type":"PropertyValueSpecification","valueRequired":true,"valueName":"search_term_string"}}],"inLanguage":"es"},{"@type":"Person","@id":"https:\/\/auschwitz.net\/#\/schema\/person\/254b9fa5e9e47d8fc7cbf924240e9735","name":"Auschwitz Exhibition","image":{"@type":"ImageObject","inLanguage":"es","@id":"https:\/\/auschwitz.net\/#\/schema\/person\/image\/","url":"https:\/\/secure.gravatar.com\/avatar\/b7fb7508f7906607487424635cc60d2d0859f0482242a09fbd0fcbfd88570f79?s=96&d=mm&r=g","contentUrl":"https:\/\/secure.gravatar.com\/avatar\/b7fb7508f7906607487424635cc60d2d0859f0482242a09fbd0fcbfd88570f79?s=96&d=mm&r=g","caption":"Auschwitz Exhibition"},"url":"https:\/\/auschwitz.net\/es\/author\/irene\/"}]}},"_links":{"self":[{"href":"https:\/\/auschwitz.net\/es\/wp-json\/wp\/v2\/posts\/9611","targetHints":{"allow":["GET"]}}],"collection":[{"href":"https:\/\/auschwitz.net\/es\/wp-json\/wp\/v2\/posts"}],"about":[{"href":"https:\/\/auschwitz.net\/es\/wp-json\/wp\/v2\/types\/post"}],"author":[{"embeddable":true,"href":"https:\/\/auschwitz.net\/es\/wp-json\/wp\/v2\/users\/6"}],"replies":[{"embeddable":true,"href":"https:\/\/auschwitz.net\/es\/wp-json\/wp\/v2\/comments?post=9611"}],"version-history":[{"count":5,"href":"https:\/\/auschwitz.net\/es\/wp-json\/wp\/v2\/posts\/9611\/revisions"}],"predecessor-version":[{"id":9989,"href":"https:\/\/auschwitz.net\/es\/wp-json\/wp\/v2\/posts\/9611\/revisions\/9989"}],"wp:featuredmedia":[{"embeddable":true,"href":"https:\/\/auschwitz.net\/es\/wp-json\/wp\/v2\/media\/9985"}],"wp:attachment":[{"href":"https:\/\/auschwitz.net\/es\/wp-json\/wp\/v2\/media?parent=9611"}],"wp:term":[{"taxonomy":"category","embeddable":true,"href":"https:\/\/auschwitz.net\/es\/wp-json\/wp\/v2\/categories?post=9611"},{"taxonomy":"post_tag","embeddable":true,"href":"https:\/\/auschwitz.net\/es\/wp-json\/wp\/v2\/tags?post=9611"}],"curies":[{"name":"wp","href":"https:\/\/api.w.org\/{rel}","templated":true}]}}