{"id":9588,"date":"2018-02-05T09:47:38","date_gmt":"2018-02-05T08:47:38","guid":{"rendered":"https:\/\/auschwitz.net\/?p=9588"},"modified":"2018-02-05T09:47:38","modified_gmt":"2018-02-05T08:47:38","slug":"angel-sanz-briz-justo-entre-las-naciones","status":"publish","type":"post","link":"https:\/\/auschwitz.net\/es\/angel-sanz-briz-justo-entre-las-naciones\/","title":{"rendered":"\u00c1ngel Sanz Briz; el diplom\u00e1tico espa\u00f1ol que salv\u00f3 a 5.000 jud\u00edos de los nazis"},"content":{"rendered":"","protected":false},"excerpt":{"rendered":"<p>Apenas un a\u00f1o antes de terminar la guerra, a mediados de 1944, Hungr\u00eda albergaba la \u00faltima comunidad jud\u00eda de Europa que no hab\u00eda sido aniquilada. Con la invasi\u00f3n del Tercer Reich en marzo comenzaron los planes de la Soluci\u00f3n Final para deportar a Auschwitz a los cerca de 800.000 jud\u00edos que hab\u00edan escapado hasta entonces a la persecuci\u00f3n.<\/p>\n","protected":false},"author":6,"featured_media":9747,"comment_status":"closed","ping_status":"closed","sticky":false,"template":"","format":"standard","meta":{"footnotes":""},"categories":[4],"tags":[],"class_list":["post-9588","post","type-post","status-publish","format-standard","has-post-thumbnail","hentry","category-apuntes-historicos"],"yoast_head":"<!-- This site is optimized with the Yoast SEO plugin v26.8 - https:\/\/yoast.com\/product\/yoast-seo-wordpress\/ -->\n<title>Blog Exposici\u00f3n Auschwitz - \u00c1ngel Sanz Briz, Justo entre las Naciones<\/title>\n<meta name=\"description\" content=\"Conoce la historia del diplom\u00e1tico espa\u00f1ol \u00c1ngel Sanz Briz, conocido como el &quot;Oskar Shindler&quot; espa\u00f1ol, que salv\u00f3 a 5000 jud\u00edos durante el Holocausto.\" \/>\n<meta name=\"robots\" content=\"index, follow, max-snippet:-1, max-image-preview:large, max-video-preview:-1\" \/>\n<link rel=\"canonical\" href=\"https:\/\/auschwitz.net\/es\/angel-sanz-briz-justo-entre-las-naciones\/\" \/>\n<meta property=\"og:locale\" content=\"es_ES\" \/>\n<meta property=\"og:type\" content=\"article\" \/>\n<meta property=\"og:title\" content=\"Blog Exposici\u00f3n Auschwitz - \u00c1ngel Sanz Briz, Justo entre las Naciones\" \/>\n<meta property=\"og:description\" content=\"Conoce la historia del diplom\u00e1tico espa\u00f1ol \u00c1ngel Sanz Briz, conocido como el &quot;Oskar Shindler&quot; espa\u00f1ol, que salv\u00f3 a 5000 jud\u00edos durante el Holocausto.\" \/>\n<meta property=\"og:url\" content=\"https:\/\/auschwitz.net\/es\/angel-sanz-briz-justo-entre-las-naciones\/\" \/>\n<meta property=\"og:site_name\" content=\"Auschwitz\" \/>\n<meta property=\"article:publisher\" content=\"https:\/\/www.facebook.com\/auschwitzexhibition\/\" \/>\n<meta property=\"article:published_time\" content=\"2018-02-05T08:47:38+00:00\" \/>\n<meta property=\"og:image\" content=\"https:\/\/auschwitz.net\/wp-content\/uploads\/2018\/01\/sanz.png\" \/>\n\t<meta property=\"og:image:width\" content=\"1357\" \/>\n\t<meta property=\"og:image:height\" content=\"583\" \/>\n\t<meta property=\"og:image:type\" content=\"image\/png\" \/>\n<meta name=\"author\" content=\"Auschwitz Exhibition\" \/>\n<meta name=\"twitter:card\" content=\"summary_large_image\" \/>\n<meta name=\"twitter:creator\" content=\"@auschwitzxhibit\" \/>\n<meta name=\"twitter:site\" content=\"@auschwitzxhibit\" \/>\n<meta name=\"twitter:label1\" content=\"Escrito por\" \/>\n\t<meta name=\"twitter:data1\" content=\"Auschwitz Exhibition\" \/>\n<script type=\"application\/ld+json\" class=\"yoast-schema-graph\">{\"@context\":\"https:\/\/schema.org\",\"@graph\":[{\"@type\":\"Article\",\"@id\":\"https:\/\/auschwitz.net\/es\/angel-sanz-briz-justo-entre-las-naciones\/#article\",\"isPartOf\":{\"@id\":\"https:\/\/auschwitz.net\/es\/angel-sanz-briz-justo-entre-las-naciones\/\"},\"author\":{\"name\":\"Auschwitz Exhibition\",\"@id\":\"https:\/\/auschwitz.net\/#\/schema\/person\/254b9fa5e9e47d8fc7cbf924240e9735\"},\"headline\":\"\u00c1ngel Sanz Briz; el diplom\u00e1tico espa\u00f1ol que salv\u00f3 a 5.000 jud\u00edos de los nazis\",\"datePublished\":\"2018-02-05T08:47:38+00:00\",\"mainEntityOfPage\":{\"@id\":\"https:\/\/auschwitz.net\/es\/angel-sanz-briz-justo-entre-las-naciones\/\"},\"wordCount\":16,\"image\":{\"@id\":\"https:\/\/auschwitz.net\/es\/angel-sanz-briz-justo-entre-las-naciones\/#primaryimage\"},\"thumbnailUrl\":\"https:\/\/auschwitz.net\/wp-content\/uploads\/2018\/01\/sanz.png\",\"articleSection\":[\"Apuntes hist\u00f3ricos\"],\"inLanguage\":\"es\"},{\"@type\":\"WebPage\",\"@id\":\"https:\/\/auschwitz.net\/es\/angel-sanz-briz-justo-entre-las-naciones\/\",\"url\":\"https:\/\/auschwitz.net\/es\/angel-sanz-briz-justo-entre-las-naciones\/\",\"name\":\"Blog Exposici\u00f3n Auschwitz - \u00c1ngel Sanz Briz, Justo entre las Naciones\",\"isPartOf\":{\"@id\":\"https:\/\/auschwitz.net\/#website\"},\"primaryImageOfPage\":{\"@id\":\"https:\/\/auschwitz.net\/es\/angel-sanz-briz-justo-entre-las-naciones\/#primaryimage\"},\"image\":{\"@id\":\"https:\/\/auschwitz.net\/es\/angel-sanz-briz-justo-entre-las-naciones\/#primaryimage\"},\"thumbnailUrl\":\"https:\/\/auschwitz.net\/wp-content\/uploads\/2018\/01\/sanz.png\",\"datePublished\":\"2018-02-05T08:47:38+00:00\",\"author\":{\"@id\":\"https:\/\/auschwitz.net\/#\/schema\/person\/254b9fa5e9e47d8fc7cbf924240e9735\"},\"description\":\"Conoce la historia del diplom\u00e1tico espa\u00f1ol \u00c1ngel Sanz Briz, conocido como el \\\"Oskar Shindler\\\" espa\u00f1ol, que salv\u00f3 a 5000 jud\u00edos durante el Holocausto.\",\"breadcrumb\":{\"@id\":\"https:\/\/auschwitz.net\/es\/angel-sanz-briz-justo-entre-las-naciones\/#breadcrumb\"},\"inLanguage\":\"es\",\"potentialAction\":[{\"@type\":\"ReadAction\",\"target\":[\"https:\/\/auschwitz.net\/es\/angel-sanz-briz-justo-entre-las-naciones\/\"]}]},{\"@type\":\"ImageObject\",\"inLanguage\":\"es\",\"@id\":\"https:\/\/auschwitz.net\/es\/angel-sanz-briz-justo-entre-las-naciones\/#primaryimage\",\"url\":\"https:\/\/auschwitz.net\/wp-content\/uploads\/2018\/01\/sanz.png\",\"contentUrl\":\"https:\/\/auschwitz.net\/wp-content\/uploads\/2018\/01\/sanz.png\",\"width\":1357,\"height\":583,\"caption\":\"\u00c1ngel Sanz Briz\"},{\"@type\":\"BreadcrumbList\",\"@id\":\"https:\/\/auschwitz.net\/es\/angel-sanz-briz-justo-entre-las-naciones\/#breadcrumb\",\"itemListElement\":[{\"@type\":\"ListItem\",\"position\":1,\"name\":\"Portada\",\"item\":\"https:\/\/auschwitz.net\/es\/?page_id=17381\"},{\"@type\":\"ListItem\",\"position\":2,\"name\":\"\u00c1ngel Sanz Briz; el diplom\u00e1tico espa\u00f1ol que salv\u00f3 a 5.000 jud\u00edos de los nazis\"}]},{\"@type\":\"WebSite\",\"@id\":\"https:\/\/auschwitz.net\/#website\",\"url\":\"https:\/\/auschwitz.net\/\",\"name\":\"Auschwitz\",\"description\":\"Exposici\u00f3n Auschwitz, en Madrid hasta el 16 de junio de 2018. Una emotiva y rigurosa muestra sobre el mayor campo nazi alem\u00e1n, con m\u00e1s de 600 objetos originales.\",\"potentialAction\":[{\"@type\":\"SearchAction\",\"target\":{\"@type\":\"EntryPoint\",\"urlTemplate\":\"https:\/\/auschwitz.net\/?s={search_term_string}\"},\"query-input\":{\"@type\":\"PropertyValueSpecification\",\"valueRequired\":true,\"valueName\":\"search_term_string\"}}],\"inLanguage\":\"es\"},{\"@type\":\"Person\",\"@id\":\"https:\/\/auschwitz.net\/#\/schema\/person\/254b9fa5e9e47d8fc7cbf924240e9735\",\"name\":\"Auschwitz Exhibition\",\"image\":{\"@type\":\"ImageObject\",\"inLanguage\":\"es\",\"@id\":\"https:\/\/auschwitz.net\/#\/schema\/person\/image\/\",\"url\":\"https:\/\/secure.gravatar.com\/avatar\/b7fb7508f7906607487424635cc60d2d0859f0482242a09fbd0fcbfd88570f79?s=96&d=mm&r=g\",\"contentUrl\":\"https:\/\/secure.gravatar.com\/avatar\/b7fb7508f7906607487424635cc60d2d0859f0482242a09fbd0fcbfd88570f79?s=96&d=mm&r=g\",\"caption\":\"Auschwitz Exhibition\"},\"url\":\"https:\/\/auschwitz.net\/es\/author\/irene\/\"}]}<\/script>\n<!-- \/ Yoast SEO plugin. -->","yoast_head_json":{"title":"Blog Exposici\u00f3n Auschwitz - \u00c1ngel Sanz Briz, Justo entre las Naciones","description":"Conoce la historia del diplom\u00e1tico espa\u00f1ol \u00c1ngel Sanz Briz, conocido como el \"Oskar Shindler\" espa\u00f1ol, que salv\u00f3 a 5000 jud\u00edos durante el Holocausto.","robots":{"index":"index","follow":"follow","max-snippet":"max-snippet:-1","max-image-preview":"max-image-preview:large","max-video-preview":"max-video-preview:-1"},"canonical":"https:\/\/auschwitz.net\/es\/angel-sanz-briz-justo-entre-las-naciones\/","og_locale":"es_ES","og_type":"article","og_title":"Blog Exposici\u00f3n Auschwitz - \u00c1ngel Sanz Briz, Justo entre las Naciones","og_description":"Conoce la historia del diplom\u00e1tico espa\u00f1ol \u00c1ngel Sanz Briz, conocido como el \"Oskar Shindler\" espa\u00f1ol, que salv\u00f3 a 5000 jud\u00edos durante el Holocausto.","og_url":"https:\/\/auschwitz.net\/es\/angel-sanz-briz-justo-entre-las-naciones\/","og_site_name":"Auschwitz","article_publisher":"https:\/\/www.facebook.com\/auschwitzexhibition\/","article_published_time":"2018-02-05T08:47:38+00:00","og_image":[{"width":1357,"height":583,"url":"https:\/\/auschwitz.net\/wp-content\/uploads\/2018\/01\/sanz.png","type":"image\/png"}],"author":"Auschwitz Exhibition","twitter_card":"summary_large_image","twitter_creator":"@auschwitzxhibit","twitter_site":"@auschwitzxhibit","twitter_misc":{"Escrito por":"Auschwitz Exhibition"},"schema":{"@context":"https:\/\/schema.org","@graph":[{"@type":"Article","@id":"https:\/\/auschwitz.net\/es\/angel-sanz-briz-justo-entre-las-naciones\/#article","isPartOf":{"@id":"https:\/\/auschwitz.net\/es\/angel-sanz-briz-justo-entre-las-naciones\/"},"author":{"name":"Auschwitz Exhibition","@id":"https:\/\/auschwitz.net\/#\/schema\/person\/254b9fa5e9e47d8fc7cbf924240e9735"},"headline":"\u00c1ngel Sanz Briz; el diplom\u00e1tico espa\u00f1ol que salv\u00f3 a 5.000 jud\u00edos de los nazis","datePublished":"2018-02-05T08:47:38+00:00","mainEntityOfPage":{"@id":"https:\/\/auschwitz.net\/es\/angel-sanz-briz-justo-entre-las-naciones\/"},"wordCount":16,"image":{"@id":"https:\/\/auschwitz.net\/es\/angel-sanz-briz-justo-entre-las-naciones\/#primaryimage"},"thumbnailUrl":"https:\/\/auschwitz.net\/wp-content\/uploads\/2018\/01\/sanz.png","articleSection":["Apuntes hist\u00f3ricos"],"inLanguage":"es"},{"@type":"WebPage","@id":"https:\/\/auschwitz.net\/es\/angel-sanz-briz-justo-entre-las-naciones\/","url":"https:\/\/auschwitz.net\/es\/angel-sanz-briz-justo-entre-las-naciones\/","name":"Blog Exposici\u00f3n Auschwitz - \u00c1ngel Sanz Briz, Justo entre las Naciones","isPartOf":{"@id":"https:\/\/auschwitz.net\/#website"},"primaryImageOfPage":{"@id":"https:\/\/auschwitz.net\/es\/angel-sanz-briz-justo-entre-las-naciones\/#primaryimage"},"image":{"@id":"https:\/\/auschwitz.net\/es\/angel-sanz-briz-justo-entre-las-naciones\/#primaryimage"},"thumbnailUrl":"https:\/\/auschwitz.net\/wp-content\/uploads\/2018\/01\/sanz.png","datePublished":"2018-02-05T08:47:38+00:00","author":{"@id":"https:\/\/auschwitz.net\/#\/schema\/person\/254b9fa5e9e47d8fc7cbf924240e9735"},"description":"Conoce la historia del diplom\u00e1tico espa\u00f1ol \u00c1ngel Sanz Briz, conocido como el \"Oskar Shindler\" espa\u00f1ol, que salv\u00f3 a 5000 jud\u00edos durante el Holocausto.","breadcrumb":{"@id":"https:\/\/auschwitz.net\/es\/angel-sanz-briz-justo-entre-las-naciones\/#breadcrumb"},"inLanguage":"es","potentialAction":[{"@type":"ReadAction","target":["https:\/\/auschwitz.net\/es\/angel-sanz-briz-justo-entre-las-naciones\/"]}]},{"@type":"ImageObject","inLanguage":"es","@id":"https:\/\/auschwitz.net\/es\/angel-sanz-briz-justo-entre-las-naciones\/#primaryimage","url":"https:\/\/auschwitz.net\/wp-content\/uploads\/2018\/01\/sanz.png","contentUrl":"https:\/\/auschwitz.net\/wp-content\/uploads\/2018\/01\/sanz.png","width":1357,"height":583,"caption":"\u00c1ngel Sanz Briz"},{"@type":"BreadcrumbList","@id":"https:\/\/auschwitz.net\/es\/angel-sanz-briz-justo-entre-las-naciones\/#breadcrumb","itemListElement":[{"@type":"ListItem","position":1,"name":"Portada","item":"https:\/\/auschwitz.net\/es\/?page_id=17381"},{"@type":"ListItem","position":2,"name":"\u00c1ngel Sanz Briz; el diplom\u00e1tico espa\u00f1ol que salv\u00f3 a 5.000 jud\u00edos de los nazis"}]},{"@type":"WebSite","@id":"https:\/\/auschwitz.net\/#website","url":"https:\/\/auschwitz.net\/","name":"Auschwitz","description":"Exposici\u00f3n Auschwitz, en Madrid hasta el 16 de junio de 2018. Una emotiva y rigurosa muestra sobre el mayor campo nazi alem\u00e1n, con m\u00e1s de 600 objetos originales.","potentialAction":[{"@type":"SearchAction","target":{"@type":"EntryPoint","urlTemplate":"https:\/\/auschwitz.net\/?s={search_term_string}"},"query-input":{"@type":"PropertyValueSpecification","valueRequired":true,"valueName":"search_term_string"}}],"inLanguage":"es"},{"@type":"Person","@id":"https:\/\/auschwitz.net\/#\/schema\/person\/254b9fa5e9e47d8fc7cbf924240e9735","name":"Auschwitz Exhibition","image":{"@type":"ImageObject","inLanguage":"es","@id":"https:\/\/auschwitz.net\/#\/schema\/person\/image\/","url":"https:\/\/secure.gravatar.com\/avatar\/b7fb7508f7906607487424635cc60d2d0859f0482242a09fbd0fcbfd88570f79?s=96&d=mm&r=g","contentUrl":"https:\/\/secure.gravatar.com\/avatar\/b7fb7508f7906607487424635cc60d2d0859f0482242a09fbd0fcbfd88570f79?s=96&d=mm&r=g","caption":"Auschwitz Exhibition"},"url":"https:\/\/auschwitz.net\/es\/author\/irene\/"}]}},"_links":{"self":[{"href":"https:\/\/auschwitz.net\/es\/wp-json\/wp\/v2\/posts\/9588","targetHints":{"allow":["GET"]}}],"collection":[{"href":"https:\/\/auschwitz.net\/es\/wp-json\/wp\/v2\/posts"}],"about":[{"href":"https:\/\/auschwitz.net\/es\/wp-json\/wp\/v2\/types\/post"}],"author":[{"embeddable":true,"href":"https:\/\/auschwitz.net\/es\/wp-json\/wp\/v2\/users\/6"}],"replies":[{"embeddable":true,"href":"https:\/\/auschwitz.net\/es\/wp-json\/wp\/v2\/comments?post=9588"}],"version-history":[{"count":5,"href":"https:\/\/auschwitz.net\/es\/wp-json\/wp\/v2\/posts\/9588\/revisions"}],"predecessor-version":[{"id":9914,"href":"https:\/\/auschwitz.net\/es\/wp-json\/wp\/v2\/posts\/9588\/revisions\/9914"}],"wp:featuredmedia":[{"embeddable":true,"href":"https:\/\/auschwitz.net\/es\/wp-json\/wp\/v2\/media\/9747"}],"wp:attachment":[{"href":"https:\/\/auschwitz.net\/es\/wp-json\/wp\/v2\/media?parent=9588"}],"wp:term":[{"taxonomy":"category","embeddable":true,"href":"https:\/\/auschwitz.net\/es\/wp-json\/wp\/v2\/categories?post=9588"},{"taxonomy":"post_tag","embeddable":true,"href":"https:\/\/auschwitz.net\/es\/wp-json\/wp\/v2\/tags?post=9588"}],"curies":[{"name":"wp","href":"https:\/\/api.w.org\/{rel}","templated":true}]}}