{"id":9435,"date":"2018-01-02T11:14:12","date_gmt":"2018-01-02T10:14:12","guid":{"rendered":"https:\/\/auschwitz.net\/?p=9435"},"modified":"2018-01-04T10:55:15","modified_gmt":"2018-01-04T09:55:15","slug":"vidas-robadas-auschwitz-la-familia-haberfeld","status":"publish","type":"post","link":"https:\/\/auschwitz.net\/es\/vidas-robadas-auschwitz-la-familia-haberfeld\/","title":{"rendered":"Vidas robadas en Auschwitz. La familia Haberfeld."},"content":{"rendered":"","protected":false},"excerpt":{"rendered":"<p>Hasta la irrupci\u00f3n de las tropas nazis en Oswiecim, el matrimonio de los Haberfeld, figuras centrales de su comunidad local&#8230;<\/p>\n","protected":false},"author":6,"featured_media":9497,"comment_status":"closed","ping_status":"closed","sticky":false,"template":"","format":"standard","meta":{"footnotes":""},"categories":[4],"tags":[],"class_list":["post-9435","post","type-post","status-publish","format-standard","has-post-thumbnail","hentry","category-apuntes-historicos"],"yoast_head":"<!-- This site is optimized with the Yoast SEO plugin v26.8 - https:\/\/yoast.com\/product\/yoast-seo-wordpress\/ -->\n<title>Blog Exposici\u00f3n Auschwitz - Vidas robadas: la familia Haberfeld<\/title>\n<meta name=\"description\" content=\"Alfons Haberfeld era el propietario de la F\u00e1brica de Licores y Vodka Jakob Haberfeld de Oswiecim y uno de los empresarios m\u00e1s importantes de la localidad...\" \/>\n<meta name=\"robots\" content=\"index, follow, max-snippet:-1, max-image-preview:large, max-video-preview:-1\" \/>\n<link rel=\"canonical\" href=\"https:\/\/auschwitz.net\/es\/vidas-robadas-auschwitz-la-familia-haberfeld\/\" \/>\n<meta property=\"og:locale\" content=\"es_ES\" \/>\n<meta property=\"og:type\" content=\"article\" \/>\n<meta property=\"og:title\" content=\"Blog Exposici\u00f3n Auschwitz - Vidas robadas: la familia Haberfeld\" \/>\n<meta property=\"og:description\" content=\"Alfons Haberfeld era el propietario de la F\u00e1brica de Licores y Vodka Jakob Haberfeld de Oswiecim y uno de los empresarios m\u00e1s importantes de la localidad...\" \/>\n<meta property=\"og:url\" content=\"https:\/\/auschwitz.net\/es\/vidas-robadas-auschwitz-la-familia-haberfeld\/\" \/>\n<meta property=\"og:site_name\" content=\"Auschwitz\" \/>\n<meta property=\"article:publisher\" content=\"https:\/\/www.facebook.com\/auschwitzexhibition\/\" \/>\n<meta property=\"article:published_time\" content=\"2018-01-02T10:14:12+00:00\" \/>\n<meta property=\"article:modified_time\" content=\"2018-01-04T09:55:15+00:00\" \/>\n<meta property=\"og:image\" content=\"https:\/\/auschwitz.net\/wp-content\/uploads\/2018\/01\/escritorio-de-los-Haberfeld-jpg.jpg\" \/>\n\t<meta property=\"og:image:width\" content=\"1252\" \/>\n\t<meta property=\"og:image:height\" content=\"806\" \/>\n\t<meta property=\"og:image:type\" content=\"image\/jpeg\" \/>\n<meta name=\"author\" content=\"Auschwitz Exhibition\" \/>\n<meta name=\"twitter:card\" content=\"summary_large_image\" \/>\n<meta name=\"twitter:creator\" content=\"@auschwitzxhibit\" \/>\n<meta name=\"twitter:site\" content=\"@auschwitzxhibit\" \/>\n<meta name=\"twitter:label1\" content=\"Escrito por\" \/>\n\t<meta name=\"twitter:data1\" content=\"Auschwitz Exhibition\" \/>\n<script type=\"application\/ld+json\" class=\"yoast-schema-graph\">{\"@context\":\"https:\/\/schema.org\",\"@graph\":[{\"@type\":\"Article\",\"@id\":\"https:\/\/auschwitz.net\/es\/vidas-robadas-auschwitz-la-familia-haberfeld\/#article\",\"isPartOf\":{\"@id\":\"https:\/\/auschwitz.net\/es\/vidas-robadas-auschwitz-la-familia-haberfeld\/\"},\"author\":{\"name\":\"Auschwitz Exhibition\",\"@id\":\"https:\/\/auschwitz.net\/#\/schema\/person\/254b9fa5e9e47d8fc7cbf924240e9735\"},\"headline\":\"Vidas robadas en Auschwitz. La familia Haberfeld.\",\"datePublished\":\"2018-01-02T10:14:12+00:00\",\"dateModified\":\"2018-01-04T09:55:15+00:00\",\"mainEntityOfPage\":{\"@id\":\"https:\/\/auschwitz.net\/es\/vidas-robadas-auschwitz-la-familia-haberfeld\/\"},\"wordCount\":7,\"image\":{\"@id\":\"https:\/\/auschwitz.net\/es\/vidas-robadas-auschwitz-la-familia-haberfeld\/#primaryimage\"},\"thumbnailUrl\":\"https:\/\/auschwitz.net\/wp-content\/uploads\/2018\/01\/escritorio-de-los-Haberfeld-jpg.jpg\",\"articleSection\":[\"Apuntes hist\u00f3ricos\"],\"inLanguage\":\"es\"},{\"@type\":\"WebPage\",\"@id\":\"https:\/\/auschwitz.net\/es\/vidas-robadas-auschwitz-la-familia-haberfeld\/\",\"url\":\"https:\/\/auschwitz.net\/es\/vidas-robadas-auschwitz-la-familia-haberfeld\/\",\"name\":\"Blog Exposici\u00f3n Auschwitz - Vidas robadas: la familia Haberfeld\",\"isPartOf\":{\"@id\":\"https:\/\/auschwitz.net\/#website\"},\"primaryImageOfPage\":{\"@id\":\"https:\/\/auschwitz.net\/es\/vidas-robadas-auschwitz-la-familia-haberfeld\/#primaryimage\"},\"image\":{\"@id\":\"https:\/\/auschwitz.net\/es\/vidas-robadas-auschwitz-la-familia-haberfeld\/#primaryimage\"},\"thumbnailUrl\":\"https:\/\/auschwitz.net\/wp-content\/uploads\/2018\/01\/escritorio-de-los-Haberfeld-jpg.jpg\",\"datePublished\":\"2018-01-02T10:14:12+00:00\",\"dateModified\":\"2018-01-04T09:55:15+00:00\",\"author\":{\"@id\":\"https:\/\/auschwitz.net\/#\/schema\/person\/254b9fa5e9e47d8fc7cbf924240e9735\"},\"description\":\"Alfons Haberfeld era el propietario de la F\u00e1brica de Licores y Vodka Jakob Haberfeld de Oswiecim y uno de los empresarios m\u00e1s importantes de la localidad...\",\"breadcrumb\":{\"@id\":\"https:\/\/auschwitz.net\/es\/vidas-robadas-auschwitz-la-familia-haberfeld\/#breadcrumb\"},\"inLanguage\":\"es\",\"potentialAction\":[{\"@type\":\"ReadAction\",\"target\":[\"https:\/\/auschwitz.net\/es\/vidas-robadas-auschwitz-la-familia-haberfeld\/\"]}]},{\"@type\":\"ImageObject\",\"inLanguage\":\"es\",\"@id\":\"https:\/\/auschwitz.net\/es\/vidas-robadas-auschwitz-la-familia-haberfeld\/#primaryimage\",\"url\":\"https:\/\/auschwitz.net\/wp-content\/uploads\/2018\/01\/escritorio-de-los-Haberfeld-jpg.jpg\",\"contentUrl\":\"https:\/\/auschwitz.net\/wp-content\/uploads\/2018\/01\/escritorio-de-los-Haberfeld-jpg.jpg\",\"width\":1252,\"height\":806},{\"@type\":\"BreadcrumbList\",\"@id\":\"https:\/\/auschwitz.net\/es\/vidas-robadas-auschwitz-la-familia-haberfeld\/#breadcrumb\",\"itemListElement\":[{\"@type\":\"ListItem\",\"position\":1,\"name\":\"Portada\",\"item\":\"https:\/\/auschwitz.net\/es\/?page_id=17381\"},{\"@type\":\"ListItem\",\"position\":2,\"name\":\"Vidas robadas en Auschwitz. La familia Haberfeld.\"}]},{\"@type\":\"WebSite\",\"@id\":\"https:\/\/auschwitz.net\/#website\",\"url\":\"https:\/\/auschwitz.net\/\",\"name\":\"Auschwitz\",\"description\":\"Exposici\u00f3n Auschwitz, en Madrid hasta el 16 de junio de 2018. Una emotiva y rigurosa muestra sobre el mayor campo nazi alem\u00e1n, con m\u00e1s de 600 objetos originales.\",\"potentialAction\":[{\"@type\":\"SearchAction\",\"target\":{\"@type\":\"EntryPoint\",\"urlTemplate\":\"https:\/\/auschwitz.net\/?s={search_term_string}\"},\"query-input\":{\"@type\":\"PropertyValueSpecification\",\"valueRequired\":true,\"valueName\":\"search_term_string\"}}],\"inLanguage\":\"es\"},{\"@type\":\"Person\",\"@id\":\"https:\/\/auschwitz.net\/#\/schema\/person\/254b9fa5e9e47d8fc7cbf924240e9735\",\"name\":\"Auschwitz Exhibition\",\"image\":{\"@type\":\"ImageObject\",\"inLanguage\":\"es\",\"@id\":\"https:\/\/auschwitz.net\/#\/schema\/person\/image\/\",\"url\":\"https:\/\/secure.gravatar.com\/avatar\/b7fb7508f7906607487424635cc60d2d0859f0482242a09fbd0fcbfd88570f79?s=96&d=mm&r=g\",\"contentUrl\":\"https:\/\/secure.gravatar.com\/avatar\/b7fb7508f7906607487424635cc60d2d0859f0482242a09fbd0fcbfd88570f79?s=96&d=mm&r=g\",\"caption\":\"Auschwitz Exhibition\"},\"url\":\"https:\/\/auschwitz.net\/es\/author\/irene\/\"}]}<\/script>\n<!-- \/ Yoast SEO plugin. -->","yoast_head_json":{"title":"Blog Exposici\u00f3n Auschwitz - Vidas robadas: la familia Haberfeld","description":"Alfons Haberfeld era el propietario de la F\u00e1brica de Licores y Vodka Jakob Haberfeld de Oswiecim y uno de los empresarios m\u00e1s importantes de la localidad...","robots":{"index":"index","follow":"follow","max-snippet":"max-snippet:-1","max-image-preview":"max-image-preview:large","max-video-preview":"max-video-preview:-1"},"canonical":"https:\/\/auschwitz.net\/es\/vidas-robadas-auschwitz-la-familia-haberfeld\/","og_locale":"es_ES","og_type":"article","og_title":"Blog Exposici\u00f3n Auschwitz - Vidas robadas: la familia Haberfeld","og_description":"Alfons Haberfeld era el propietario de la F\u00e1brica de Licores y Vodka Jakob Haberfeld de Oswiecim y uno de los empresarios m\u00e1s importantes de la localidad...","og_url":"https:\/\/auschwitz.net\/es\/vidas-robadas-auschwitz-la-familia-haberfeld\/","og_site_name":"Auschwitz","article_publisher":"https:\/\/www.facebook.com\/auschwitzexhibition\/","article_published_time":"2018-01-02T10:14:12+00:00","article_modified_time":"2018-01-04T09:55:15+00:00","og_image":[{"width":1252,"height":806,"url":"https:\/\/auschwitz.net\/wp-content\/uploads\/2018\/01\/escritorio-de-los-Haberfeld-jpg.jpg","type":"image\/jpeg"}],"author":"Auschwitz Exhibition","twitter_card":"summary_large_image","twitter_creator":"@auschwitzxhibit","twitter_site":"@auschwitzxhibit","twitter_misc":{"Escrito por":"Auschwitz Exhibition"},"schema":{"@context":"https:\/\/schema.org","@graph":[{"@type":"Article","@id":"https:\/\/auschwitz.net\/es\/vidas-robadas-auschwitz-la-familia-haberfeld\/#article","isPartOf":{"@id":"https:\/\/auschwitz.net\/es\/vidas-robadas-auschwitz-la-familia-haberfeld\/"},"author":{"name":"Auschwitz Exhibition","@id":"https:\/\/auschwitz.net\/#\/schema\/person\/254b9fa5e9e47d8fc7cbf924240e9735"},"headline":"Vidas robadas en Auschwitz. La familia Haberfeld.","datePublished":"2018-01-02T10:14:12+00:00","dateModified":"2018-01-04T09:55:15+00:00","mainEntityOfPage":{"@id":"https:\/\/auschwitz.net\/es\/vidas-robadas-auschwitz-la-familia-haberfeld\/"},"wordCount":7,"image":{"@id":"https:\/\/auschwitz.net\/es\/vidas-robadas-auschwitz-la-familia-haberfeld\/#primaryimage"},"thumbnailUrl":"https:\/\/auschwitz.net\/wp-content\/uploads\/2018\/01\/escritorio-de-los-Haberfeld-jpg.jpg","articleSection":["Apuntes hist\u00f3ricos"],"inLanguage":"es"},{"@type":"WebPage","@id":"https:\/\/auschwitz.net\/es\/vidas-robadas-auschwitz-la-familia-haberfeld\/","url":"https:\/\/auschwitz.net\/es\/vidas-robadas-auschwitz-la-familia-haberfeld\/","name":"Blog Exposici\u00f3n Auschwitz - Vidas robadas: la familia Haberfeld","isPartOf":{"@id":"https:\/\/auschwitz.net\/#website"},"primaryImageOfPage":{"@id":"https:\/\/auschwitz.net\/es\/vidas-robadas-auschwitz-la-familia-haberfeld\/#primaryimage"},"image":{"@id":"https:\/\/auschwitz.net\/es\/vidas-robadas-auschwitz-la-familia-haberfeld\/#primaryimage"},"thumbnailUrl":"https:\/\/auschwitz.net\/wp-content\/uploads\/2018\/01\/escritorio-de-los-Haberfeld-jpg.jpg","datePublished":"2018-01-02T10:14:12+00:00","dateModified":"2018-01-04T09:55:15+00:00","author":{"@id":"https:\/\/auschwitz.net\/#\/schema\/person\/254b9fa5e9e47d8fc7cbf924240e9735"},"description":"Alfons Haberfeld era el propietario de la F\u00e1brica de Licores y Vodka Jakob Haberfeld de Oswiecim y uno de los empresarios m\u00e1s importantes de la localidad...","breadcrumb":{"@id":"https:\/\/auschwitz.net\/es\/vidas-robadas-auschwitz-la-familia-haberfeld\/#breadcrumb"},"inLanguage":"es","potentialAction":[{"@type":"ReadAction","target":["https:\/\/auschwitz.net\/es\/vidas-robadas-auschwitz-la-familia-haberfeld\/"]}]},{"@type":"ImageObject","inLanguage":"es","@id":"https:\/\/auschwitz.net\/es\/vidas-robadas-auschwitz-la-familia-haberfeld\/#primaryimage","url":"https:\/\/auschwitz.net\/wp-content\/uploads\/2018\/01\/escritorio-de-los-Haberfeld-jpg.jpg","contentUrl":"https:\/\/auschwitz.net\/wp-content\/uploads\/2018\/01\/escritorio-de-los-Haberfeld-jpg.jpg","width":1252,"height":806},{"@type":"BreadcrumbList","@id":"https:\/\/auschwitz.net\/es\/vidas-robadas-auschwitz-la-familia-haberfeld\/#breadcrumb","itemListElement":[{"@type":"ListItem","position":1,"name":"Portada","item":"https:\/\/auschwitz.net\/es\/?page_id=17381"},{"@type":"ListItem","position":2,"name":"Vidas robadas en Auschwitz. La familia Haberfeld."}]},{"@type":"WebSite","@id":"https:\/\/auschwitz.net\/#website","url":"https:\/\/auschwitz.net\/","name":"Auschwitz","description":"Exposici\u00f3n Auschwitz, en Madrid hasta el 16 de junio de 2018. Una emotiva y rigurosa muestra sobre el mayor campo nazi alem\u00e1n, con m\u00e1s de 600 objetos originales.","potentialAction":[{"@type":"SearchAction","target":{"@type":"EntryPoint","urlTemplate":"https:\/\/auschwitz.net\/?s={search_term_string}"},"query-input":{"@type":"PropertyValueSpecification","valueRequired":true,"valueName":"search_term_string"}}],"inLanguage":"es"},{"@type":"Person","@id":"https:\/\/auschwitz.net\/#\/schema\/person\/254b9fa5e9e47d8fc7cbf924240e9735","name":"Auschwitz Exhibition","image":{"@type":"ImageObject","inLanguage":"es","@id":"https:\/\/auschwitz.net\/#\/schema\/person\/image\/","url":"https:\/\/secure.gravatar.com\/avatar\/b7fb7508f7906607487424635cc60d2d0859f0482242a09fbd0fcbfd88570f79?s=96&d=mm&r=g","contentUrl":"https:\/\/secure.gravatar.com\/avatar\/b7fb7508f7906607487424635cc60d2d0859f0482242a09fbd0fcbfd88570f79?s=96&d=mm&r=g","caption":"Auschwitz Exhibition"},"url":"https:\/\/auschwitz.net\/es\/author\/irene\/"}]}},"_links":{"self":[{"href":"https:\/\/auschwitz.net\/es\/wp-json\/wp\/v2\/posts\/9435","targetHints":{"allow":["GET"]}}],"collection":[{"href":"https:\/\/auschwitz.net\/es\/wp-json\/wp\/v2\/posts"}],"about":[{"href":"https:\/\/auschwitz.net\/es\/wp-json\/wp\/v2\/types\/post"}],"author":[{"embeddable":true,"href":"https:\/\/auschwitz.net\/es\/wp-json\/wp\/v2\/users\/6"}],"replies":[{"embeddable":true,"href":"https:\/\/auschwitz.net\/es\/wp-json\/wp\/v2\/comments?post=9435"}],"version-history":[{"count":5,"href":"https:\/\/auschwitz.net\/es\/wp-json\/wp\/v2\/posts\/9435\/revisions"}],"predecessor-version":[{"id":9536,"href":"https:\/\/auschwitz.net\/es\/wp-json\/wp\/v2\/posts\/9435\/revisions\/9536"}],"wp:featuredmedia":[{"embeddable":true,"href":"https:\/\/auschwitz.net\/es\/wp-json\/wp\/v2\/media\/9497"}],"wp:attachment":[{"href":"https:\/\/auschwitz.net\/es\/wp-json\/wp\/v2\/media?parent=9435"}],"wp:term":[{"taxonomy":"category","embeddable":true,"href":"https:\/\/auschwitz.net\/es\/wp-json\/wp\/v2\/categories?post=9435"},{"taxonomy":"post_tag","embeddable":true,"href":"https:\/\/auschwitz.net\/es\/wp-json\/wp\/v2\/tags?post=9435"}],"curies":[{"name":"wp","href":"https:\/\/api.w.org\/{rel}","templated":true}]}}