{"id":9350,"date":"2017-12-18T11:43:36","date_gmt":"2017-12-18T10:43:36","guid":{"rendered":"https:\/\/auschwitz.net\/?p=9350"},"modified":"2017-12-21T10:56:05","modified_gmt":"2017-12-21T09:56:05","slug":"record-visitantes-madrid","status":"publish","type":"post","link":"https:\/\/auschwitz.net\/es\/record-visitantes-madrid\/","title":{"rendered":"35.000 visitantes en las primeras semanas en Madrid"},"content":{"rendered":"<h3><\/h3>\n","protected":false},"excerpt":{"rendered":"<p>35.000 personas han visitado Auschwitz en Centro de Exposiciones Arte.<\/p>\n","protected":false},"author":6,"featured_media":9354,"comment_status":"closed","ping_status":"closed","sticky":false,"template":"","format":"standard","meta":{"footnotes":""},"categories":[3],"tags":[],"class_list":["post-9350","post","type-post","status-publish","format-standard","has-post-thumbnail","hentry","category-notas-de-prensa"],"yoast_head":"<!-- This site is optimized with the Yoast SEO plugin v26.8 - https:\/\/yoast.com\/product\/yoast-seo-wordpress\/ -->\n<title>Notas de prensa - Exposici\u00f3n Auschwitz<\/title>\n<meta name=\"description\" content=\"35.000 personas han visitado la exposici\u00f3n Auschwitz en Madrid durante sus dos primeras semanas de apertura. La cifra de entradas vendidas supera ya...\" \/>\n<meta name=\"robots\" content=\"index, follow, max-snippet:-1, max-image-preview:large, max-video-preview:-1\" \/>\n<link rel=\"canonical\" href=\"https:\/\/auschwitz.net\/es\/record-visitantes-madrid\/\" \/>\n<meta property=\"og:locale\" content=\"es_ES\" \/>\n<meta property=\"og:type\" content=\"article\" \/>\n<meta property=\"og:title\" content=\"Notas de prensa - Exposici\u00f3n Auschwitz\" \/>\n<meta property=\"og:description\" content=\"35.000 personas han visitado la exposici\u00f3n Auschwitz en Madrid durante sus dos primeras semanas de apertura. La cifra de entradas vendidas supera ya...\" \/>\n<meta property=\"og:url\" content=\"https:\/\/auschwitz.net\/es\/record-visitantes-madrid\/\" \/>\n<meta property=\"og:site_name\" content=\"Auschwitz\" \/>\n<meta property=\"article:publisher\" content=\"https:\/\/www.facebook.com\/auschwitzexhibition\/\" \/>\n<meta property=\"article:published_time\" content=\"2017-12-18T10:43:36+00:00\" \/>\n<meta property=\"article:modified_time\" content=\"2017-12-21T09:56:05+00:00\" \/>\n<meta property=\"og:image\" content=\"https:\/\/auschwitz.net\/wp-content\/uploads\/2017\/12\/destacada.png\" \/>\n\t<meta property=\"og:image:width\" content=\"1329\" \/>\n\t<meta property=\"og:image:height\" content=\"880\" \/>\n\t<meta property=\"og:image:type\" content=\"image\/png\" \/>\n<meta name=\"author\" content=\"Auschwitz Exhibition\" \/>\n<meta name=\"twitter:card\" content=\"summary_large_image\" \/>\n<meta name=\"twitter:creator\" content=\"@auschwitzxhibit\" \/>\n<meta name=\"twitter:site\" content=\"@auschwitzxhibit\" \/>\n<meta name=\"twitter:label1\" content=\"Escrito por\" \/>\n\t<meta name=\"twitter:data1\" content=\"Auschwitz Exhibition\" \/>\n<script type=\"application\/ld+json\" class=\"yoast-schema-graph\">{\"@context\":\"https:\/\/schema.org\",\"@graph\":[{\"@type\":\"Article\",\"@id\":\"https:\/\/auschwitz.net\/es\/record-visitantes-madrid\/#article\",\"isPartOf\":{\"@id\":\"https:\/\/auschwitz.net\/es\/record-visitantes-madrid\/\"},\"author\":{\"name\":\"Auschwitz Exhibition\",\"@id\":\"https:\/\/auschwitz.net\/#\/schema\/person\/254b9fa5e9e47d8fc7cbf924240e9735\"},\"headline\":\"35.000 visitantes en las primeras semanas en Madrid\",\"datePublished\":\"2017-12-18T10:43:36+00:00\",\"dateModified\":\"2017-12-21T09:56:05+00:00\",\"mainEntityOfPage\":{\"@id\":\"https:\/\/auschwitz.net\/es\/record-visitantes-madrid\/\"},\"wordCount\":7,\"image\":{\"@id\":\"https:\/\/auschwitz.net\/es\/record-visitantes-madrid\/#primaryimage\"},\"thumbnailUrl\":\"https:\/\/auschwitz.net\/wp-content\/uploads\/2017\/12\/destacada.png\",\"articleSection\":[\"Notas de prensa\"],\"inLanguage\":\"es\"},{\"@type\":\"WebPage\",\"@id\":\"https:\/\/auschwitz.net\/es\/record-visitantes-madrid\/\",\"url\":\"https:\/\/auschwitz.net\/es\/record-visitantes-madrid\/\",\"name\":\"Notas de prensa - Exposici\u00f3n Auschwitz\",\"isPartOf\":{\"@id\":\"https:\/\/auschwitz.net\/#website\"},\"primaryImageOfPage\":{\"@id\":\"https:\/\/auschwitz.net\/es\/record-visitantes-madrid\/#primaryimage\"},\"image\":{\"@id\":\"https:\/\/auschwitz.net\/es\/record-visitantes-madrid\/#primaryimage\"},\"thumbnailUrl\":\"https:\/\/auschwitz.net\/wp-content\/uploads\/2017\/12\/destacada.png\",\"datePublished\":\"2017-12-18T10:43:36+00:00\",\"dateModified\":\"2017-12-21T09:56:05+00:00\",\"author\":{\"@id\":\"https:\/\/auschwitz.net\/#\/schema\/person\/254b9fa5e9e47d8fc7cbf924240e9735\"},\"description\":\"35.000 personas han visitado la exposici\u00f3n Auschwitz en Madrid durante sus dos primeras semanas de apertura. La cifra de entradas vendidas supera ya...\",\"breadcrumb\":{\"@id\":\"https:\/\/auschwitz.net\/es\/record-visitantes-madrid\/#breadcrumb\"},\"inLanguage\":\"es\",\"potentialAction\":[{\"@type\":\"ReadAction\",\"target\":[\"https:\/\/auschwitz.net\/es\/record-visitantes-madrid\/\"]}]},{\"@type\":\"ImageObject\",\"inLanguage\":\"es\",\"@id\":\"https:\/\/auschwitz.net\/es\/record-visitantes-madrid\/#primaryimage\",\"url\":\"https:\/\/auschwitz.net\/wp-content\/uploads\/2017\/12\/destacada.png\",\"contentUrl\":\"https:\/\/auschwitz.net\/wp-content\/uploads\/2017\/12\/destacada.png\",\"width\":1329,\"height\":880,\"caption\":\"Numerosas personas hacen cola para entrar en la exposici\u00f3n\"},{\"@type\":\"BreadcrumbList\",\"@id\":\"https:\/\/auschwitz.net\/es\/record-visitantes-madrid\/#breadcrumb\",\"itemListElement\":[{\"@type\":\"ListItem\",\"position\":1,\"name\":\"Portada\",\"item\":\"https:\/\/auschwitz.net\/es\/?page_id=17381\"},{\"@type\":\"ListItem\",\"position\":2,\"name\":\"35.000 visitantes en las primeras semanas en Madrid\"}]},{\"@type\":\"WebSite\",\"@id\":\"https:\/\/auschwitz.net\/#website\",\"url\":\"https:\/\/auschwitz.net\/\",\"name\":\"Auschwitz\",\"description\":\"Exposici\u00f3n Auschwitz, en Madrid hasta el 16 de junio de 2018. Una emotiva y rigurosa muestra sobre el mayor campo nazi alem\u00e1n, con m\u00e1s de 600 objetos originales.\",\"potentialAction\":[{\"@type\":\"SearchAction\",\"target\":{\"@type\":\"EntryPoint\",\"urlTemplate\":\"https:\/\/auschwitz.net\/?s={search_term_string}\"},\"query-input\":{\"@type\":\"PropertyValueSpecification\",\"valueRequired\":true,\"valueName\":\"search_term_string\"}}],\"inLanguage\":\"es\"},{\"@type\":\"Person\",\"@id\":\"https:\/\/auschwitz.net\/#\/schema\/person\/254b9fa5e9e47d8fc7cbf924240e9735\",\"name\":\"Auschwitz Exhibition\",\"image\":{\"@type\":\"ImageObject\",\"inLanguage\":\"es\",\"@id\":\"https:\/\/auschwitz.net\/#\/schema\/person\/image\/\",\"url\":\"https:\/\/secure.gravatar.com\/avatar\/b7fb7508f7906607487424635cc60d2d0859f0482242a09fbd0fcbfd88570f79?s=96&d=mm&r=g\",\"contentUrl\":\"https:\/\/secure.gravatar.com\/avatar\/b7fb7508f7906607487424635cc60d2d0859f0482242a09fbd0fcbfd88570f79?s=96&d=mm&r=g\",\"caption\":\"Auschwitz Exhibition\"},\"url\":\"https:\/\/auschwitz.net\/es\/author\/irene\/\"}]}<\/script>\n<!-- \/ Yoast SEO plugin. -->","yoast_head_json":{"title":"Notas de prensa - Exposici\u00f3n Auschwitz","description":"35.000 personas han visitado la exposici\u00f3n Auschwitz en Madrid durante sus dos primeras semanas de apertura. La cifra de entradas vendidas supera ya...","robots":{"index":"index","follow":"follow","max-snippet":"max-snippet:-1","max-image-preview":"max-image-preview:large","max-video-preview":"max-video-preview:-1"},"canonical":"https:\/\/auschwitz.net\/es\/record-visitantes-madrid\/","og_locale":"es_ES","og_type":"article","og_title":"Notas de prensa - Exposici\u00f3n Auschwitz","og_description":"35.000 personas han visitado la exposici\u00f3n Auschwitz en Madrid durante sus dos primeras semanas de apertura. La cifra de entradas vendidas supera ya...","og_url":"https:\/\/auschwitz.net\/es\/record-visitantes-madrid\/","og_site_name":"Auschwitz","article_publisher":"https:\/\/www.facebook.com\/auschwitzexhibition\/","article_published_time":"2017-12-18T10:43:36+00:00","article_modified_time":"2017-12-21T09:56:05+00:00","og_image":[{"width":1329,"height":880,"url":"https:\/\/auschwitz.net\/wp-content\/uploads\/2017\/12\/destacada.png","type":"image\/png"}],"author":"Auschwitz Exhibition","twitter_card":"summary_large_image","twitter_creator":"@auschwitzxhibit","twitter_site":"@auschwitzxhibit","twitter_misc":{"Escrito por":"Auschwitz Exhibition"},"schema":{"@context":"https:\/\/schema.org","@graph":[{"@type":"Article","@id":"https:\/\/auschwitz.net\/es\/record-visitantes-madrid\/#article","isPartOf":{"@id":"https:\/\/auschwitz.net\/es\/record-visitantes-madrid\/"},"author":{"name":"Auschwitz Exhibition","@id":"https:\/\/auschwitz.net\/#\/schema\/person\/254b9fa5e9e47d8fc7cbf924240e9735"},"headline":"35.000 visitantes en las primeras semanas en Madrid","datePublished":"2017-12-18T10:43:36+00:00","dateModified":"2017-12-21T09:56:05+00:00","mainEntityOfPage":{"@id":"https:\/\/auschwitz.net\/es\/record-visitantes-madrid\/"},"wordCount":7,"image":{"@id":"https:\/\/auschwitz.net\/es\/record-visitantes-madrid\/#primaryimage"},"thumbnailUrl":"https:\/\/auschwitz.net\/wp-content\/uploads\/2017\/12\/destacada.png","articleSection":["Notas de prensa"],"inLanguage":"es"},{"@type":"WebPage","@id":"https:\/\/auschwitz.net\/es\/record-visitantes-madrid\/","url":"https:\/\/auschwitz.net\/es\/record-visitantes-madrid\/","name":"Notas de prensa - Exposici\u00f3n Auschwitz","isPartOf":{"@id":"https:\/\/auschwitz.net\/#website"},"primaryImageOfPage":{"@id":"https:\/\/auschwitz.net\/es\/record-visitantes-madrid\/#primaryimage"},"image":{"@id":"https:\/\/auschwitz.net\/es\/record-visitantes-madrid\/#primaryimage"},"thumbnailUrl":"https:\/\/auschwitz.net\/wp-content\/uploads\/2017\/12\/destacada.png","datePublished":"2017-12-18T10:43:36+00:00","dateModified":"2017-12-21T09:56:05+00:00","author":{"@id":"https:\/\/auschwitz.net\/#\/schema\/person\/254b9fa5e9e47d8fc7cbf924240e9735"},"description":"35.000 personas han visitado la exposici\u00f3n Auschwitz en Madrid durante sus dos primeras semanas de apertura. La cifra de entradas vendidas supera ya...","breadcrumb":{"@id":"https:\/\/auschwitz.net\/es\/record-visitantes-madrid\/#breadcrumb"},"inLanguage":"es","potentialAction":[{"@type":"ReadAction","target":["https:\/\/auschwitz.net\/es\/record-visitantes-madrid\/"]}]},{"@type":"ImageObject","inLanguage":"es","@id":"https:\/\/auschwitz.net\/es\/record-visitantes-madrid\/#primaryimage","url":"https:\/\/auschwitz.net\/wp-content\/uploads\/2017\/12\/destacada.png","contentUrl":"https:\/\/auschwitz.net\/wp-content\/uploads\/2017\/12\/destacada.png","width":1329,"height":880,"caption":"Numerosas personas hacen cola para entrar en la exposici\u00f3n"},{"@type":"BreadcrumbList","@id":"https:\/\/auschwitz.net\/es\/record-visitantes-madrid\/#breadcrumb","itemListElement":[{"@type":"ListItem","position":1,"name":"Portada","item":"https:\/\/auschwitz.net\/es\/?page_id=17381"},{"@type":"ListItem","position":2,"name":"35.000 visitantes en las primeras semanas en Madrid"}]},{"@type":"WebSite","@id":"https:\/\/auschwitz.net\/#website","url":"https:\/\/auschwitz.net\/","name":"Auschwitz","description":"Exposici\u00f3n Auschwitz, en Madrid hasta el 16 de junio de 2018. Una emotiva y rigurosa muestra sobre el mayor campo nazi alem\u00e1n, con m\u00e1s de 600 objetos originales.","potentialAction":[{"@type":"SearchAction","target":{"@type":"EntryPoint","urlTemplate":"https:\/\/auschwitz.net\/?s={search_term_string}"},"query-input":{"@type":"PropertyValueSpecification","valueRequired":true,"valueName":"search_term_string"}}],"inLanguage":"es"},{"@type":"Person","@id":"https:\/\/auschwitz.net\/#\/schema\/person\/254b9fa5e9e47d8fc7cbf924240e9735","name":"Auschwitz Exhibition","image":{"@type":"ImageObject","inLanguage":"es","@id":"https:\/\/auschwitz.net\/#\/schema\/person\/image\/","url":"https:\/\/secure.gravatar.com\/avatar\/b7fb7508f7906607487424635cc60d2d0859f0482242a09fbd0fcbfd88570f79?s=96&d=mm&r=g","contentUrl":"https:\/\/secure.gravatar.com\/avatar\/b7fb7508f7906607487424635cc60d2d0859f0482242a09fbd0fcbfd88570f79?s=96&d=mm&r=g","caption":"Auschwitz Exhibition"},"url":"https:\/\/auschwitz.net\/es\/author\/irene\/"}]}},"_links":{"self":[{"href":"https:\/\/auschwitz.net\/es\/wp-json\/wp\/v2\/posts\/9350","targetHints":{"allow":["GET"]}}],"collection":[{"href":"https:\/\/auschwitz.net\/es\/wp-json\/wp\/v2\/posts"}],"about":[{"href":"https:\/\/auschwitz.net\/es\/wp-json\/wp\/v2\/types\/post"}],"author":[{"embeddable":true,"href":"https:\/\/auschwitz.net\/es\/wp-json\/wp\/v2\/users\/6"}],"replies":[{"embeddable":true,"href":"https:\/\/auschwitz.net\/es\/wp-json\/wp\/v2\/comments?post=9350"}],"version-history":[{"count":5,"href":"https:\/\/auschwitz.net\/es\/wp-json\/wp\/v2\/posts\/9350\/revisions"}],"predecessor-version":[{"id":9454,"href":"https:\/\/auschwitz.net\/es\/wp-json\/wp\/v2\/posts\/9350\/revisions\/9454"}],"wp:featuredmedia":[{"embeddable":true,"href":"https:\/\/auschwitz.net\/es\/wp-json\/wp\/v2\/media\/9354"}],"wp:attachment":[{"href":"https:\/\/auschwitz.net\/es\/wp-json\/wp\/v2\/media?parent=9350"}],"wp:term":[{"taxonomy":"category","embeddable":true,"href":"https:\/\/auschwitz.net\/es\/wp-json\/wp\/v2\/categories?post=9350"},{"taxonomy":"post_tag","embeddable":true,"href":"https:\/\/auschwitz.net\/es\/wp-json\/wp\/v2\/tags?post=9350"}],"curies":[{"name":"wp","href":"https:\/\/api.w.org\/{rel}","templated":true}]}}