{"id":9293,"date":"2017-12-21T10:55:01","date_gmt":"2017-12-21T09:55:01","guid":{"rendered":"https:\/\/auschwitz.net\/?p=9293"},"modified":"2018-03-19T11:21:18","modified_gmt":"2018-03-19T10:21:18","slug":"horario-de-navidad","status":"publish","type":"post","link":"https:\/\/auschwitz.net\/es\/horario-de-navidad\/","title":{"rendered":"Horario especial de apertura en Navidad"},"content":{"rendered":"<p>Durante las pr\u00f3ximas semanas, los horarios de apertura de la exposici\u00f3n Auschwitz variar\u00e1n ligeramente para adaptarse mejor a las necesidades de los visitantes durante las fiestas de Navidad.<\/p>\n<p>As\u00ed pues, el d\u00eda <strong>24 de diciembre<\/strong>, Nochebuena, la muestra permanecer\u00e1 abierta de <strong>10:00 h a 15.00 h<\/strong> (desalojo de la sala a las <strong>18.30 h<\/strong>), y el \u00faltimo d\u00eda del a\u00f1o, <strong>31 de diciembre<\/strong>, la exposici\u00f3n abrir\u00e1 al p\u00fablico en horario de <strong>10:00 h a 15:00 h<\/strong> y cerrar\u00e1 sus puertas a las <strong>18:30 h<\/strong>.<\/p>\n<p>Del mismo modo, la exposici\u00f3n permanecer\u00e1 cerrada tanto el <strong>25 de diciembre<\/strong> como el <strong>1 de enero.<\/strong><\/p>\n<p>El resto de d\u00edas de Navidad, el horario de acceso a la exposici\u00f3n ser\u00e1 el habitual: <strong>de 10 a 20 horas, de manera ininterrumpida.<\/strong><\/p>\n<p>Ante la alta afluencia prevista durante la pr\u00f3xima semana se recomienda encarecidamente la <strong>compra anticipada de tickets<\/strong>, bien a trav\u00e9s de web o en la taquilla f\u00edsica del <a href=\"https:\/\/auschwitz.net\/es\/como-llegar\/\" target=\"_blank\" rel=\"noopener\">Centro de Exposiciones Arte Canal<\/a>, con el fin de evitar la falta de aforo disponible.<\/p>\n<p>El recorrido de la exposici\u00f3n tiene una <strong>duraci\u00f3n estimada de entre dos y tres horas<\/strong>, y puede visitarse tanto con o sin audiogu\u00eda.<\/p>\n<p>Consultar <a href=\"https:\/\/tickets.auschwitz.net\/site\/Exposicion-Auschwitz\/product\/782-entrada-a-la-exposicion\/type\/199\" target=\"_blank\" rel=\"noopener\"><strong>disponibilidad de entradas<\/strong><\/a>.<\/p>\n<p>&nbsp;<\/p>\n<p>&nbsp;<\/p>\n","protected":false},"excerpt":{"rendered":"<p>Durante las pr\u00f3ximas semanas, los horarios de apertura de la exposici\u00f3n Auschwitz variar\u00e1n ligeramente para adaptarse mejor a las necesidades de los visitantes durante las fiestas de Navidad. As\u00ed pues, el d\u00eda 24 de diciembre, Nochebuena, la muestra permanecer\u00e1 abierta de 10:00 h a 15.00 h (desalojo de la sala a las 18.30 h), y [&hellip;]<\/p>\n","protected":false},"author":6,"featured_media":9376,"comment_status":"closed","ping_status":"closed","sticky":false,"template":"","format":"standard","meta":{"footnotes":""},"categories":[3],"tags":[],"class_list":["post-9293","post","type-post","status-publish","format-standard","has-post-thumbnail","hentry","category-notas-de-prensa"],"yoast_head":"<!-- This site is optimized with the Yoast SEO plugin v26.8 - https:\/\/yoast.com\/product\/yoast-seo-wordpress\/ -->\n<title>Exposici\u00f3n Auschwitz en Madrid - Horario de Navidad<\/title>\n<meta name=\"description\" content=\"Horarios de acceso a la exposici\u00f3n Auschwitz en Centro de Exposiciones Arte Canal durante Navidad. 25 de diciembre y 1 enero cerrado. 24 y 31 de diciembre..\" \/>\n<meta name=\"robots\" content=\"index, follow, max-snippet:-1, max-image-preview:large, max-video-preview:-1\" \/>\n<link rel=\"canonical\" href=\"https:\/\/auschwitz.net\/es\/horario-de-navidad\/\" \/>\n<meta property=\"og:locale\" content=\"es_ES\" \/>\n<meta property=\"og:type\" content=\"article\" \/>\n<meta property=\"og:title\" content=\"Exposici\u00f3n Auschwitz en Madrid - Horario de Navidad\" \/>\n<meta property=\"og:description\" content=\"Horarios de acceso a la exposici\u00f3n Auschwitz en Centro de Exposiciones Arte Canal durante Navidad. 25 de diciembre y 1 enero cerrado. 24 y 31 de diciembre..\" \/>\n<meta property=\"og:url\" content=\"https:\/\/auschwitz.net\/es\/horario-de-navidad\/\" \/>\n<meta property=\"og:site_name\" content=\"Auschwitz\" \/>\n<meta property=\"article:publisher\" content=\"https:\/\/www.facebook.com\/auschwitzexhibition\/\" \/>\n<meta property=\"article:published_time\" content=\"2017-12-21T09:55:01+00:00\" \/>\n<meta property=\"article:modified_time\" content=\"2018-03-19T10:21:18+00:00\" \/>\n<meta property=\"og:image\" content=\"https:\/\/auschwitz.net\/wp-content\/uploads\/2017\/12\/Captura-de-pantalla-2017-12-18-a-las-12.38.02.png\" \/>\n\t<meta property=\"og:image:width\" content=\"1008\" \/>\n\t<meta property=\"og:image:height\" content=\"669\" \/>\n\t<meta property=\"og:image:type\" content=\"image\/png\" \/>\n<meta name=\"author\" content=\"Auschwitz Exhibition\" \/>\n<meta name=\"twitter:card\" content=\"summary_large_image\" \/>\n<meta name=\"twitter:creator\" content=\"@auschwitzxhibit\" \/>\n<meta name=\"twitter:site\" content=\"@auschwitzxhibit\" \/>\n<meta name=\"twitter:label1\" content=\"Escrito por\" \/>\n\t<meta name=\"twitter:data1\" content=\"Auschwitz Exhibition\" \/>\n\t<meta name=\"twitter:label2\" content=\"Tiempo de lectura\" \/>\n\t<meta name=\"twitter:data2\" content=\"1 minuto\" \/>\n<script type=\"application\/ld+json\" class=\"yoast-schema-graph\">{\"@context\":\"https:\/\/schema.org\",\"@graph\":[{\"@type\":\"Article\",\"@id\":\"https:\/\/auschwitz.net\/es\/horario-de-navidad\/#article\",\"isPartOf\":{\"@id\":\"https:\/\/auschwitz.net\/es\/horario-de-navidad\/\"},\"author\":{\"name\":\"Auschwitz Exhibition\",\"@id\":\"https:\/\/auschwitz.net\/#\/schema\/person\/254b9fa5e9e47d8fc7cbf924240e9735\"},\"headline\":\"Horario especial de apertura en Navidad\",\"datePublished\":\"2017-12-21T09:55:01+00:00\",\"dateModified\":\"2018-03-19T10:21:18+00:00\",\"mainEntityOfPage\":{\"@id\":\"https:\/\/auschwitz.net\/es\/horario-de-navidad\/\"},\"wordCount\":208,\"image\":{\"@id\":\"https:\/\/auschwitz.net\/es\/horario-de-navidad\/#primaryimage\"},\"thumbnailUrl\":\"https:\/\/auschwitz.net\/wp-content\/uploads\/2017\/12\/Captura-de-pantalla-2017-12-18-a-las-12.38.02.png\",\"articleSection\":[\"Notas de prensa\"],\"inLanguage\":\"es\"},{\"@type\":\"WebPage\",\"@id\":\"https:\/\/auschwitz.net\/es\/horario-de-navidad\/\",\"url\":\"https:\/\/auschwitz.net\/es\/horario-de-navidad\/\",\"name\":\"Exposici\u00f3n Auschwitz en Madrid - Horario de Navidad\",\"isPartOf\":{\"@id\":\"https:\/\/auschwitz.net\/#website\"},\"primaryImageOfPage\":{\"@id\":\"https:\/\/auschwitz.net\/es\/horario-de-navidad\/#primaryimage\"},\"image\":{\"@id\":\"https:\/\/auschwitz.net\/es\/horario-de-navidad\/#primaryimage\"},\"thumbnailUrl\":\"https:\/\/auschwitz.net\/wp-content\/uploads\/2017\/12\/Captura-de-pantalla-2017-12-18-a-las-12.38.02.png\",\"datePublished\":\"2017-12-21T09:55:01+00:00\",\"dateModified\":\"2018-03-19T10:21:18+00:00\",\"author\":{\"@id\":\"https:\/\/auschwitz.net\/#\/schema\/person\/254b9fa5e9e47d8fc7cbf924240e9735\"},\"description\":\"Horarios de acceso a la exposici\u00f3n Auschwitz en Centro de Exposiciones Arte Canal durante Navidad. 25 de diciembre y 1 enero cerrado. 24 y 31 de diciembre..\",\"breadcrumb\":{\"@id\":\"https:\/\/auschwitz.net\/es\/horario-de-navidad\/#breadcrumb\"},\"inLanguage\":\"es\",\"potentialAction\":[{\"@type\":\"ReadAction\",\"target\":[\"https:\/\/auschwitz.net\/es\/horario-de-navidad\/\"]}]},{\"@type\":\"ImageObject\",\"inLanguage\":\"es\",\"@id\":\"https:\/\/auschwitz.net\/es\/horario-de-navidad\/#primaryimage\",\"url\":\"https:\/\/auschwitz.net\/wp-content\/uploads\/2017\/12\/Captura-de-pantalla-2017-12-18-a-las-12.38.02.png\",\"contentUrl\":\"https:\/\/auschwitz.net\/wp-content\/uploads\/2017\/12\/Captura-de-pantalla-2017-12-18-a-las-12.38.02.png\",\"width\":1008,\"height\":669,\"caption\":\"gente en exposici\u00f3n Auschwitz\"},{\"@type\":\"BreadcrumbList\",\"@id\":\"https:\/\/auschwitz.net\/es\/horario-de-navidad\/#breadcrumb\",\"itemListElement\":[{\"@type\":\"ListItem\",\"position\":1,\"name\":\"Portada\",\"item\":\"https:\/\/auschwitz.net\/es\/?page_id=17381\"},{\"@type\":\"ListItem\",\"position\":2,\"name\":\"Horario especial de apertura en Navidad\"}]},{\"@type\":\"WebSite\",\"@id\":\"https:\/\/auschwitz.net\/#website\",\"url\":\"https:\/\/auschwitz.net\/\",\"name\":\"Auschwitz\",\"description\":\"Exposici\u00f3n Auschwitz, en Madrid hasta el 16 de junio de 2018. Una emotiva y rigurosa muestra sobre el mayor campo nazi alem\u00e1n, con m\u00e1s de 600 objetos originales.\",\"potentialAction\":[{\"@type\":\"SearchAction\",\"target\":{\"@type\":\"EntryPoint\",\"urlTemplate\":\"https:\/\/auschwitz.net\/?s={search_term_string}\"},\"query-input\":{\"@type\":\"PropertyValueSpecification\",\"valueRequired\":true,\"valueName\":\"search_term_string\"}}],\"inLanguage\":\"es\"},{\"@type\":\"Person\",\"@id\":\"https:\/\/auschwitz.net\/#\/schema\/person\/254b9fa5e9e47d8fc7cbf924240e9735\",\"name\":\"Auschwitz Exhibition\",\"image\":{\"@type\":\"ImageObject\",\"inLanguage\":\"es\",\"@id\":\"https:\/\/auschwitz.net\/#\/schema\/person\/image\/\",\"url\":\"https:\/\/secure.gravatar.com\/avatar\/b7fb7508f7906607487424635cc60d2d0859f0482242a09fbd0fcbfd88570f79?s=96&d=mm&r=g\",\"contentUrl\":\"https:\/\/secure.gravatar.com\/avatar\/b7fb7508f7906607487424635cc60d2d0859f0482242a09fbd0fcbfd88570f79?s=96&d=mm&r=g\",\"caption\":\"Auschwitz Exhibition\"},\"url\":\"https:\/\/auschwitz.net\/es\/author\/irene\/\"}]}<\/script>\n<!-- \/ Yoast SEO plugin. -->","yoast_head_json":{"title":"Exposici\u00f3n Auschwitz en Madrid - Horario de Navidad","description":"Horarios de acceso a la exposici\u00f3n Auschwitz en Centro de Exposiciones Arte Canal durante Navidad. 25 de diciembre y 1 enero cerrado. 24 y 31 de diciembre..","robots":{"index":"index","follow":"follow","max-snippet":"max-snippet:-1","max-image-preview":"max-image-preview:large","max-video-preview":"max-video-preview:-1"},"canonical":"https:\/\/auschwitz.net\/es\/horario-de-navidad\/","og_locale":"es_ES","og_type":"article","og_title":"Exposici\u00f3n Auschwitz en Madrid - Horario de Navidad","og_description":"Horarios de acceso a la exposici\u00f3n Auschwitz en Centro de Exposiciones Arte Canal durante Navidad. 25 de diciembre y 1 enero cerrado. 24 y 31 de diciembre..","og_url":"https:\/\/auschwitz.net\/es\/horario-de-navidad\/","og_site_name":"Auschwitz","article_publisher":"https:\/\/www.facebook.com\/auschwitzexhibition\/","article_published_time":"2017-12-21T09:55:01+00:00","article_modified_time":"2018-03-19T10:21:18+00:00","og_image":[{"width":1008,"height":669,"url":"https:\/\/auschwitz.net\/wp-content\/uploads\/2017\/12\/Captura-de-pantalla-2017-12-18-a-las-12.38.02.png","type":"image\/png"}],"author":"Auschwitz Exhibition","twitter_card":"summary_large_image","twitter_creator":"@auschwitzxhibit","twitter_site":"@auschwitzxhibit","twitter_misc":{"Escrito por":"Auschwitz Exhibition","Tiempo de lectura":"1 minuto"},"schema":{"@context":"https:\/\/schema.org","@graph":[{"@type":"Article","@id":"https:\/\/auschwitz.net\/es\/horario-de-navidad\/#article","isPartOf":{"@id":"https:\/\/auschwitz.net\/es\/horario-de-navidad\/"},"author":{"name":"Auschwitz Exhibition","@id":"https:\/\/auschwitz.net\/#\/schema\/person\/254b9fa5e9e47d8fc7cbf924240e9735"},"headline":"Horario especial de apertura en Navidad","datePublished":"2017-12-21T09:55:01+00:00","dateModified":"2018-03-19T10:21:18+00:00","mainEntityOfPage":{"@id":"https:\/\/auschwitz.net\/es\/horario-de-navidad\/"},"wordCount":208,"image":{"@id":"https:\/\/auschwitz.net\/es\/horario-de-navidad\/#primaryimage"},"thumbnailUrl":"https:\/\/auschwitz.net\/wp-content\/uploads\/2017\/12\/Captura-de-pantalla-2017-12-18-a-las-12.38.02.png","articleSection":["Notas de prensa"],"inLanguage":"es"},{"@type":"WebPage","@id":"https:\/\/auschwitz.net\/es\/horario-de-navidad\/","url":"https:\/\/auschwitz.net\/es\/horario-de-navidad\/","name":"Exposici\u00f3n Auschwitz en Madrid - Horario de Navidad","isPartOf":{"@id":"https:\/\/auschwitz.net\/#website"},"primaryImageOfPage":{"@id":"https:\/\/auschwitz.net\/es\/horario-de-navidad\/#primaryimage"},"image":{"@id":"https:\/\/auschwitz.net\/es\/horario-de-navidad\/#primaryimage"},"thumbnailUrl":"https:\/\/auschwitz.net\/wp-content\/uploads\/2017\/12\/Captura-de-pantalla-2017-12-18-a-las-12.38.02.png","datePublished":"2017-12-21T09:55:01+00:00","dateModified":"2018-03-19T10:21:18+00:00","author":{"@id":"https:\/\/auschwitz.net\/#\/schema\/person\/254b9fa5e9e47d8fc7cbf924240e9735"},"description":"Horarios de acceso a la exposici\u00f3n Auschwitz en Centro de Exposiciones Arte Canal durante Navidad. 25 de diciembre y 1 enero cerrado. 24 y 31 de diciembre..","breadcrumb":{"@id":"https:\/\/auschwitz.net\/es\/horario-de-navidad\/#breadcrumb"},"inLanguage":"es","potentialAction":[{"@type":"ReadAction","target":["https:\/\/auschwitz.net\/es\/horario-de-navidad\/"]}]},{"@type":"ImageObject","inLanguage":"es","@id":"https:\/\/auschwitz.net\/es\/horario-de-navidad\/#primaryimage","url":"https:\/\/auschwitz.net\/wp-content\/uploads\/2017\/12\/Captura-de-pantalla-2017-12-18-a-las-12.38.02.png","contentUrl":"https:\/\/auschwitz.net\/wp-content\/uploads\/2017\/12\/Captura-de-pantalla-2017-12-18-a-las-12.38.02.png","width":1008,"height":669,"caption":"gente en exposici\u00f3n Auschwitz"},{"@type":"BreadcrumbList","@id":"https:\/\/auschwitz.net\/es\/horario-de-navidad\/#breadcrumb","itemListElement":[{"@type":"ListItem","position":1,"name":"Portada","item":"https:\/\/auschwitz.net\/es\/?page_id=17381"},{"@type":"ListItem","position":2,"name":"Horario especial de apertura en Navidad"}]},{"@type":"WebSite","@id":"https:\/\/auschwitz.net\/#website","url":"https:\/\/auschwitz.net\/","name":"Auschwitz","description":"Exposici\u00f3n Auschwitz, en Madrid hasta el 16 de junio de 2018. Una emotiva y rigurosa muestra sobre el mayor campo nazi alem\u00e1n, con m\u00e1s de 600 objetos originales.","potentialAction":[{"@type":"SearchAction","target":{"@type":"EntryPoint","urlTemplate":"https:\/\/auschwitz.net\/?s={search_term_string}"},"query-input":{"@type":"PropertyValueSpecification","valueRequired":true,"valueName":"search_term_string"}}],"inLanguage":"es"},{"@type":"Person","@id":"https:\/\/auschwitz.net\/#\/schema\/person\/254b9fa5e9e47d8fc7cbf924240e9735","name":"Auschwitz Exhibition","image":{"@type":"ImageObject","inLanguage":"es","@id":"https:\/\/auschwitz.net\/#\/schema\/person\/image\/","url":"https:\/\/secure.gravatar.com\/avatar\/b7fb7508f7906607487424635cc60d2d0859f0482242a09fbd0fcbfd88570f79?s=96&d=mm&r=g","contentUrl":"https:\/\/secure.gravatar.com\/avatar\/b7fb7508f7906607487424635cc60d2d0859f0482242a09fbd0fcbfd88570f79?s=96&d=mm&r=g","caption":"Auschwitz Exhibition"},"url":"https:\/\/auschwitz.net\/es\/author\/irene\/"}]}},"_links":{"self":[{"href":"https:\/\/auschwitz.net\/es\/wp-json\/wp\/v2\/posts\/9293","targetHints":{"allow":["GET"]}}],"collection":[{"href":"https:\/\/auschwitz.net\/es\/wp-json\/wp\/v2\/posts"}],"about":[{"href":"https:\/\/auschwitz.net\/es\/wp-json\/wp\/v2\/types\/post"}],"author":[{"embeddable":true,"href":"https:\/\/auschwitz.net\/es\/wp-json\/wp\/v2\/users\/6"}],"replies":[{"embeddable":true,"href":"https:\/\/auschwitz.net\/es\/wp-json\/wp\/v2\/comments?post=9293"}],"version-history":[{"count":5,"href":"https:\/\/auschwitz.net\/es\/wp-json\/wp\/v2\/posts\/9293\/revisions"}],"predecessor-version":[{"id":10161,"href":"https:\/\/auschwitz.net\/es\/wp-json\/wp\/v2\/posts\/9293\/revisions\/10161"}],"wp:featuredmedia":[{"embeddable":true,"href":"https:\/\/auschwitz.net\/es\/wp-json\/wp\/v2\/media\/9376"}],"wp:attachment":[{"href":"https:\/\/auschwitz.net\/es\/wp-json\/wp\/v2\/media?parent=9293"}],"wp:term":[{"taxonomy":"category","embeddable":true,"href":"https:\/\/auschwitz.net\/es\/wp-json\/wp\/v2\/categories?post=9293"},{"taxonomy":"post_tag","embeddable":true,"href":"https:\/\/auschwitz.net\/es\/wp-json\/wp\/v2\/tags?post=9293"}],"curies":[{"name":"wp","href":"https:\/\/api.w.org\/{rel}","templated":true}]}}