{"id":9216,"date":"2017-12-04T12:40:21","date_gmt":"2017-12-04T11:40:21","guid":{"rendered":"https:\/\/auschwitz.net\/?p=9216"},"modified":"2018-03-19T11:20:56","modified_gmt":"2018-03-19T10:20:56","slug":"gran-estreno-la-exposicion-auschwitz-madrid","status":"publish","type":"post","link":"https:\/\/auschwitz.net\/es\/gran-estreno-la-exposicion-auschwitz-madrid\/","title":{"rendered":"Gran estreno de la exposici\u00f3n Auschwitz en Madrid"},"content":{"rendered":"<p>Tras 7 a\u00f1os de intenso trabajo, la exposici\u00f3n Auschwitz <strong>abri\u00f3 sus puertas<\/strong> en Centro de Exposiciones Arte Canal el pasado viernes, recibiendo una <strong>fant\u00e1stica acogida por parte del p\u00fablico<\/strong> que, durante todo el fin de semana, <strong>agot\u00f3 las entradas<\/strong> para visitar la muestra y conocer, de primera mano, los m\u00e1s de 600 objetos originales de Auschwitz que en ella se muestran.<\/p>\n<p>En este sentido, la organizaci\u00f3n quiere recordar a todas aquellas personas que tienen previsto acudir durante los pr\u00f3ximos d\u00edas, la conveniencia de <strong>adquirir sus tickets con anterioridad<\/strong> en la propia taquilla del recinto o la web <a href=\"https:\/\/auschwitz.net\/\">www.auschwitz.net<\/a>, a fin de no quedarse sin aforo disponible.<\/p>\n<p>Asimismo, la <strong>duraci\u00f3n estimada del recorrido es de entre 2 y 3 horas<\/strong>, por lo que se recomienda a aquellos que deseen realizar una visita en profundidad acudir con la suficiente antelaci\u00f3n. La <strong>hora de desalojo de la sala<\/strong> ser\u00e1, de lunes a domingo, a las 21:30.<\/p>\n<p><strong>Gracias<\/strong>, una vez m\u00e1s, a todos por este magn\u00edfico recibimiento en Madrid.<\/p>\n<p><strong>TARIFAS DE ACCESO<\/strong><\/p>\n<p>Lunes: 6 \u20ac tarifa plana<\/p>\n<p>Martes a viernes:<\/p>\n<ul>\n<li>Adultos: 9 \u20ac<\/li>\n<li>Reducida: 7 \u20ac<\/li>\n<\/ul>\n<p>S\u00e1bados, domingos, festivos y v\u00edsperas de festivos:<\/p>\n<ul>\n<li>Adultos: 11 \u20ac<\/li>\n<li>Reducida: 8 \u20ac<\/li>\n<\/ul>\n<p>Grupos de adultos: 6 \u20ac<\/p>\n<p><em>\u00a0Estos precios se ver\u00e1n incrementados en el caso de desear<strong> entrada CON AUDIOGU\u00cdA.<\/strong><\/em><\/p>\n","protected":false},"excerpt":{"rendered":"<p>Tras 7 a\u00f1os de intenso trabajo, la exposici\u00f3n Auschwitz abri\u00f3 sus puertas en Centro de Exposiciones Arte Canal el pasado viernes, recibiendo una fant\u00e1stica acogida por parte del p\u00fablico que, durante todo el fin de semana, agot\u00f3 las entradas para visitar la muestra y conocer, de primera mano, los m\u00e1s de 600 objetos originales de [&hellip;]<\/p>\n","protected":false},"author":6,"featured_media":9217,"comment_status":"closed","ping_status":"closed","sticky":false,"template":"","format":"standard","meta":{"footnotes":""},"categories":[3],"tags":[],"class_list":["post-9216","post","type-post","status-publish","format-standard","has-post-thumbnail","hentry","category-notas-de-prensa"],"yoast_head":"<!-- This site is optimized with the Yoast SEO plugin v26.8 - https:\/\/yoast.com\/product\/yoast-seo-wordpress\/ -->\n<title>Gran estreno de la exposici\u00f3n Auschwitz en Madrid - Auschwitz<\/title>\n<meta name=\"robots\" content=\"index, follow, max-snippet:-1, max-image-preview:large, max-video-preview:-1\" \/>\n<link rel=\"canonical\" href=\"https:\/\/auschwitz.net\/es\/gran-estreno-la-exposicion-auschwitz-madrid\/\" \/>\n<meta property=\"og:locale\" content=\"es_ES\" \/>\n<meta property=\"og:type\" content=\"article\" \/>\n<meta property=\"og:title\" content=\"Gran estreno de la exposici\u00f3n Auschwitz en Madrid - Auschwitz\" \/>\n<meta property=\"og:description\" content=\"Tras 7 a\u00f1os de intenso trabajo, la exposici\u00f3n Auschwitz abri\u00f3 sus puertas en Centro de Exposiciones Arte Canal el pasado viernes, recibiendo una fant\u00e1stica acogida por parte del p\u00fablico que, durante todo el fin de semana, agot\u00f3 las entradas para visitar la muestra y conocer, de primera mano, los m\u00e1s de 600 objetos originales de [&hellip;]\" \/>\n<meta property=\"og:url\" content=\"https:\/\/auschwitz.net\/es\/gran-estreno-la-exposicion-auschwitz-madrid\/\" \/>\n<meta property=\"og:site_name\" content=\"Auschwitz\" \/>\n<meta property=\"article:publisher\" content=\"https:\/\/www.facebook.com\/auschwitzexhibition\/\" \/>\n<meta property=\"article:published_time\" content=\"2017-12-04T11:40:21+00:00\" \/>\n<meta property=\"article:modified_time\" content=\"2018-03-19T10:20:56+00:00\" \/>\n<meta property=\"og:image\" content=\"https:\/\/auschwitz.net\/wp-content\/uploads\/2017\/12\/imagen-sin-titulo.jpg\" \/>\n\t<meta property=\"og:image:width\" content=\"996\" \/>\n\t<meta property=\"og:image:height\" content=\"560\" \/>\n\t<meta property=\"og:image:type\" content=\"image\/jpeg\" \/>\n<meta name=\"author\" content=\"Auschwitz Exhibition\" \/>\n<meta name=\"twitter:card\" content=\"summary_large_image\" \/>\n<meta name=\"twitter:creator\" content=\"@auschwitzxhibit\" \/>\n<meta name=\"twitter:site\" content=\"@auschwitzxhibit\" \/>\n<meta name=\"twitter:label1\" content=\"Escrito por\" \/>\n\t<meta name=\"twitter:data1\" content=\"Auschwitz Exhibition\" \/>\n\t<meta name=\"twitter:label2\" content=\"Tiempo de lectura\" \/>\n\t<meta name=\"twitter:data2\" content=\"1 minuto\" \/>\n<script type=\"application\/ld+json\" class=\"yoast-schema-graph\">{\"@context\":\"https:\/\/schema.org\",\"@graph\":[{\"@type\":\"Article\",\"@id\":\"https:\/\/auschwitz.net\/es\/gran-estreno-la-exposicion-auschwitz-madrid\/#article\",\"isPartOf\":{\"@id\":\"https:\/\/auschwitz.net\/es\/gran-estreno-la-exposicion-auschwitz-madrid\/\"},\"author\":{\"name\":\"Auschwitz Exhibition\",\"@id\":\"https:\/\/auschwitz.net\/#\/schema\/person\/254b9fa5e9e47d8fc7cbf924240e9735\"},\"headline\":\"Gran estreno de la exposici\u00f3n Auschwitz en Madrid\",\"datePublished\":\"2017-12-04T11:40:21+00:00\",\"dateModified\":\"2018-03-19T10:20:56+00:00\",\"mainEntityOfPage\":{\"@id\":\"https:\/\/auschwitz.net\/es\/gran-estreno-la-exposicion-auschwitz-madrid\/\"},\"wordCount\":223,\"image\":{\"@id\":\"https:\/\/auschwitz.net\/es\/gran-estreno-la-exposicion-auschwitz-madrid\/#primaryimage\"},\"thumbnailUrl\":\"https:\/\/auschwitz.net\/wp-content\/uploads\/2017\/12\/imagen-sin-titulo.jpg\",\"articleSection\":[\"Notas de prensa\"],\"inLanguage\":\"es\"},{\"@type\":\"WebPage\",\"@id\":\"https:\/\/auschwitz.net\/es\/gran-estreno-la-exposicion-auschwitz-madrid\/\",\"url\":\"https:\/\/auschwitz.net\/es\/gran-estreno-la-exposicion-auschwitz-madrid\/\",\"name\":\"Gran estreno de la exposici\u00f3n Auschwitz en Madrid - Auschwitz\",\"isPartOf\":{\"@id\":\"https:\/\/auschwitz.net\/#website\"},\"primaryImageOfPage\":{\"@id\":\"https:\/\/auschwitz.net\/es\/gran-estreno-la-exposicion-auschwitz-madrid\/#primaryimage\"},\"image\":{\"@id\":\"https:\/\/auschwitz.net\/es\/gran-estreno-la-exposicion-auschwitz-madrid\/#primaryimage\"},\"thumbnailUrl\":\"https:\/\/auschwitz.net\/wp-content\/uploads\/2017\/12\/imagen-sin-titulo.jpg\",\"datePublished\":\"2017-12-04T11:40:21+00:00\",\"dateModified\":\"2018-03-19T10:20:56+00:00\",\"author\":{\"@id\":\"https:\/\/auschwitz.net\/#\/schema\/person\/254b9fa5e9e47d8fc7cbf924240e9735\"},\"breadcrumb\":{\"@id\":\"https:\/\/auschwitz.net\/es\/gran-estreno-la-exposicion-auschwitz-madrid\/#breadcrumb\"},\"inLanguage\":\"es\",\"potentialAction\":[{\"@type\":\"ReadAction\",\"target\":[\"https:\/\/auschwitz.net\/es\/gran-estreno-la-exposicion-auschwitz-madrid\/\"]}]},{\"@type\":\"ImageObject\",\"inLanguage\":\"es\",\"@id\":\"https:\/\/auschwitz.net\/es\/gran-estreno-la-exposicion-auschwitz-madrid\/#primaryimage\",\"url\":\"https:\/\/auschwitz.net\/wp-content\/uploads\/2017\/12\/imagen-sin-titulo.jpg\",\"contentUrl\":\"https:\/\/auschwitz.net\/wp-content\/uploads\/2017\/12\/imagen-sin-titulo.jpg\",\"width\":996,\"height\":560},{\"@type\":\"BreadcrumbList\",\"@id\":\"https:\/\/auschwitz.net\/es\/gran-estreno-la-exposicion-auschwitz-madrid\/#breadcrumb\",\"itemListElement\":[{\"@type\":\"ListItem\",\"position\":1,\"name\":\"Portada\",\"item\":\"https:\/\/auschwitz.net\/es\/?page_id=17381\"},{\"@type\":\"ListItem\",\"position\":2,\"name\":\"Gran estreno de la exposici\u00f3n Auschwitz en Madrid\"}]},{\"@type\":\"WebSite\",\"@id\":\"https:\/\/auschwitz.net\/#website\",\"url\":\"https:\/\/auschwitz.net\/\",\"name\":\"Auschwitz\",\"description\":\"Exposici\u00f3n Auschwitz, en Madrid hasta el 16 de junio de 2018. Una emotiva y rigurosa muestra sobre el mayor campo nazi alem\u00e1n, con m\u00e1s de 600 objetos originales.\",\"potentialAction\":[{\"@type\":\"SearchAction\",\"target\":{\"@type\":\"EntryPoint\",\"urlTemplate\":\"https:\/\/auschwitz.net\/?s={search_term_string}\"},\"query-input\":{\"@type\":\"PropertyValueSpecification\",\"valueRequired\":true,\"valueName\":\"search_term_string\"}}],\"inLanguage\":\"es\"},{\"@type\":\"Person\",\"@id\":\"https:\/\/auschwitz.net\/#\/schema\/person\/254b9fa5e9e47d8fc7cbf924240e9735\",\"name\":\"Auschwitz Exhibition\",\"image\":{\"@type\":\"ImageObject\",\"inLanguage\":\"es\",\"@id\":\"https:\/\/auschwitz.net\/#\/schema\/person\/image\/\",\"url\":\"https:\/\/secure.gravatar.com\/avatar\/b7fb7508f7906607487424635cc60d2d0859f0482242a09fbd0fcbfd88570f79?s=96&d=mm&r=g\",\"contentUrl\":\"https:\/\/secure.gravatar.com\/avatar\/b7fb7508f7906607487424635cc60d2d0859f0482242a09fbd0fcbfd88570f79?s=96&d=mm&r=g\",\"caption\":\"Auschwitz Exhibition\"},\"url\":\"https:\/\/auschwitz.net\/es\/author\/irene\/\"}]}<\/script>\n<!-- \/ Yoast SEO plugin. -->","yoast_head_json":{"title":"Gran estreno de la exposici\u00f3n Auschwitz en Madrid - Auschwitz","robots":{"index":"index","follow":"follow","max-snippet":"max-snippet:-1","max-image-preview":"max-image-preview:large","max-video-preview":"max-video-preview:-1"},"canonical":"https:\/\/auschwitz.net\/es\/gran-estreno-la-exposicion-auschwitz-madrid\/","og_locale":"es_ES","og_type":"article","og_title":"Gran estreno de la exposici\u00f3n Auschwitz en Madrid - Auschwitz","og_description":"Tras 7 a\u00f1os de intenso trabajo, la exposici\u00f3n Auschwitz abri\u00f3 sus puertas en Centro de Exposiciones Arte Canal el pasado viernes, recibiendo una fant\u00e1stica acogida por parte del p\u00fablico que, durante todo el fin de semana, agot\u00f3 las entradas para visitar la muestra y conocer, de primera mano, los m\u00e1s de 600 objetos originales de [&hellip;]","og_url":"https:\/\/auschwitz.net\/es\/gran-estreno-la-exposicion-auschwitz-madrid\/","og_site_name":"Auschwitz","article_publisher":"https:\/\/www.facebook.com\/auschwitzexhibition\/","article_published_time":"2017-12-04T11:40:21+00:00","article_modified_time":"2018-03-19T10:20:56+00:00","og_image":[{"width":996,"height":560,"url":"https:\/\/auschwitz.net\/wp-content\/uploads\/2017\/12\/imagen-sin-titulo.jpg","type":"image\/jpeg"}],"author":"Auschwitz Exhibition","twitter_card":"summary_large_image","twitter_creator":"@auschwitzxhibit","twitter_site":"@auschwitzxhibit","twitter_misc":{"Escrito por":"Auschwitz Exhibition","Tiempo de lectura":"1 minuto"},"schema":{"@context":"https:\/\/schema.org","@graph":[{"@type":"Article","@id":"https:\/\/auschwitz.net\/es\/gran-estreno-la-exposicion-auschwitz-madrid\/#article","isPartOf":{"@id":"https:\/\/auschwitz.net\/es\/gran-estreno-la-exposicion-auschwitz-madrid\/"},"author":{"name":"Auschwitz Exhibition","@id":"https:\/\/auschwitz.net\/#\/schema\/person\/254b9fa5e9e47d8fc7cbf924240e9735"},"headline":"Gran estreno de la exposici\u00f3n Auschwitz en Madrid","datePublished":"2017-12-04T11:40:21+00:00","dateModified":"2018-03-19T10:20:56+00:00","mainEntityOfPage":{"@id":"https:\/\/auschwitz.net\/es\/gran-estreno-la-exposicion-auschwitz-madrid\/"},"wordCount":223,"image":{"@id":"https:\/\/auschwitz.net\/es\/gran-estreno-la-exposicion-auschwitz-madrid\/#primaryimage"},"thumbnailUrl":"https:\/\/auschwitz.net\/wp-content\/uploads\/2017\/12\/imagen-sin-titulo.jpg","articleSection":["Notas de prensa"],"inLanguage":"es"},{"@type":"WebPage","@id":"https:\/\/auschwitz.net\/es\/gran-estreno-la-exposicion-auschwitz-madrid\/","url":"https:\/\/auschwitz.net\/es\/gran-estreno-la-exposicion-auschwitz-madrid\/","name":"Gran estreno de la exposici\u00f3n Auschwitz en Madrid - Auschwitz","isPartOf":{"@id":"https:\/\/auschwitz.net\/#website"},"primaryImageOfPage":{"@id":"https:\/\/auschwitz.net\/es\/gran-estreno-la-exposicion-auschwitz-madrid\/#primaryimage"},"image":{"@id":"https:\/\/auschwitz.net\/es\/gran-estreno-la-exposicion-auschwitz-madrid\/#primaryimage"},"thumbnailUrl":"https:\/\/auschwitz.net\/wp-content\/uploads\/2017\/12\/imagen-sin-titulo.jpg","datePublished":"2017-12-04T11:40:21+00:00","dateModified":"2018-03-19T10:20:56+00:00","author":{"@id":"https:\/\/auschwitz.net\/#\/schema\/person\/254b9fa5e9e47d8fc7cbf924240e9735"},"breadcrumb":{"@id":"https:\/\/auschwitz.net\/es\/gran-estreno-la-exposicion-auschwitz-madrid\/#breadcrumb"},"inLanguage":"es","potentialAction":[{"@type":"ReadAction","target":["https:\/\/auschwitz.net\/es\/gran-estreno-la-exposicion-auschwitz-madrid\/"]}]},{"@type":"ImageObject","inLanguage":"es","@id":"https:\/\/auschwitz.net\/es\/gran-estreno-la-exposicion-auschwitz-madrid\/#primaryimage","url":"https:\/\/auschwitz.net\/wp-content\/uploads\/2017\/12\/imagen-sin-titulo.jpg","contentUrl":"https:\/\/auschwitz.net\/wp-content\/uploads\/2017\/12\/imagen-sin-titulo.jpg","width":996,"height":560},{"@type":"BreadcrumbList","@id":"https:\/\/auschwitz.net\/es\/gran-estreno-la-exposicion-auschwitz-madrid\/#breadcrumb","itemListElement":[{"@type":"ListItem","position":1,"name":"Portada","item":"https:\/\/auschwitz.net\/es\/?page_id=17381"},{"@type":"ListItem","position":2,"name":"Gran estreno de la exposici\u00f3n Auschwitz en Madrid"}]},{"@type":"WebSite","@id":"https:\/\/auschwitz.net\/#website","url":"https:\/\/auschwitz.net\/","name":"Auschwitz","description":"Exposici\u00f3n Auschwitz, en Madrid hasta el 16 de junio de 2018. Una emotiva y rigurosa muestra sobre el mayor campo nazi alem\u00e1n, con m\u00e1s de 600 objetos originales.","potentialAction":[{"@type":"SearchAction","target":{"@type":"EntryPoint","urlTemplate":"https:\/\/auschwitz.net\/?s={search_term_string}"},"query-input":{"@type":"PropertyValueSpecification","valueRequired":true,"valueName":"search_term_string"}}],"inLanguage":"es"},{"@type":"Person","@id":"https:\/\/auschwitz.net\/#\/schema\/person\/254b9fa5e9e47d8fc7cbf924240e9735","name":"Auschwitz Exhibition","image":{"@type":"ImageObject","inLanguage":"es","@id":"https:\/\/auschwitz.net\/#\/schema\/person\/image\/","url":"https:\/\/secure.gravatar.com\/avatar\/b7fb7508f7906607487424635cc60d2d0859f0482242a09fbd0fcbfd88570f79?s=96&d=mm&r=g","contentUrl":"https:\/\/secure.gravatar.com\/avatar\/b7fb7508f7906607487424635cc60d2d0859f0482242a09fbd0fcbfd88570f79?s=96&d=mm&r=g","caption":"Auschwitz Exhibition"},"url":"https:\/\/auschwitz.net\/es\/author\/irene\/"}]}},"_links":{"self":[{"href":"https:\/\/auschwitz.net\/es\/wp-json\/wp\/v2\/posts\/9216","targetHints":{"allow":["GET"]}}],"collection":[{"href":"https:\/\/auschwitz.net\/es\/wp-json\/wp\/v2\/posts"}],"about":[{"href":"https:\/\/auschwitz.net\/es\/wp-json\/wp\/v2\/types\/post"}],"author":[{"embeddable":true,"href":"https:\/\/auschwitz.net\/es\/wp-json\/wp\/v2\/users\/6"}],"replies":[{"embeddable":true,"href":"https:\/\/auschwitz.net\/es\/wp-json\/wp\/v2\/comments?post=9216"}],"version-history":[{"count":5,"href":"https:\/\/auschwitz.net\/es\/wp-json\/wp\/v2\/posts\/9216\/revisions"}],"predecessor-version":[{"id":10160,"href":"https:\/\/auschwitz.net\/es\/wp-json\/wp\/v2\/posts\/9216\/revisions\/10160"}],"wp:featuredmedia":[{"embeddable":true,"href":"https:\/\/auschwitz.net\/es\/wp-json\/wp\/v2\/media\/9217"}],"wp:attachment":[{"href":"https:\/\/auschwitz.net\/es\/wp-json\/wp\/v2\/media?parent=9216"}],"wp:term":[{"taxonomy":"category","embeddable":true,"href":"https:\/\/auschwitz.net\/es\/wp-json\/wp\/v2\/categories?post=9216"},{"taxonomy":"post_tag","embeddable":true,"href":"https:\/\/auschwitz.net\/es\/wp-json\/wp\/v2\/tags?post=9216"}],"curies":[{"name":"wp","href":"https:\/\/api.w.org\/{rel}","templated":true}]}}