{"id":8943,"date":"2017-11-14T11:49:53","date_gmt":"2017-11-14T10:49:53","guid":{"rendered":"https:\/\/auschwitz.net\/?p=8943"},"modified":"2018-03-19T11:21:45","modified_gmt":"2018-03-19T10:21:45","slug":"blog-gratuidadparagrupos","status":"publish","type":"post","link":"https:\/\/auschwitz.net\/es\/blog-gratuidadparagrupos\/","title":{"rendered":"Acceso gratuito para los grupos escolares de Espa\u00f1a"},"content":{"rendered":"<p>Resulta imposible <strong>comprender el mundo moderno<\/strong> en su amplitud sin antes haber adquirido un profundo conocimiento sobre la historia de la Segunda Guerra Mundial y el mayor campo instaurado por la Alemania Nazi a lo largo de Europa: Auschwitz.<\/p>\n<p><img loading=\"lazy\" decoding=\"async\" class=\"alignright wp-image-8398\" src=\"https:\/\/auschwitz.net\/wp-content\/uploads\/2017\/08\/Captura-de-pantalla-2017-10-12-a-las-14.48.35-1024x684.png\" alt=\"colegio\" width=\"600\" height=\"401\" srcset=\"https:\/\/auschwitz.net\/wp-content\/uploads\/2017\/08\/Captura-de-pantalla-2017-10-12-a-las-14.48.35-1024x684.png 1024w, https:\/\/auschwitz.net\/wp-content\/uploads\/2017\/08\/Captura-de-pantalla-2017-10-12-a-las-14.48.35-300x200.png 300w, https:\/\/auschwitz.net\/wp-content\/uploads\/2017\/08\/Captura-de-pantalla-2017-10-12-a-las-14.48.35-768x513.png 768w, https:\/\/auschwitz.net\/wp-content\/uploads\/2017\/08\/Captura-de-pantalla-2017-10-12-a-las-14.48.35.png 1115w\" sizes=\"auto, (max-width: 600px) 100vw, 600px\" \/><\/p>\n<p>Del mismo modo que\u00a0conocer es entender, <strong>entender ayuda a prevenir<\/strong>; por este motivo, la exposici\u00f3n Auschwitz y la Comunidad de Madrid facilitan al alumnado escolar y colegios hasta bachillerato la oportunidad de\u00a0<strong>visitar la muestra de modo gratuito<\/strong>\u00a0durante la estancia de la exposici\u00f3n en\u00a0Centro de Exposiciones Arte Canal de Madrid.<\/p>\n<p>El fin de esta iniciativa es configurar una memoria individual y colectiva sobre Auschwitz, as\u00ed como\u00a0<strong>facilitar la reflexi\u00f3n de los alumnos sobre los or\u00edgenes de la violencia<\/strong>\u00a0y la importancia de la defensa de los derechos humanos,\u00a0la comprensi\u00f3n mutua entre pueblos y culturas, y el\u00a0<strong>respeto a la diversidad global<\/strong>.<\/p>\n<p>Todos aquellos colegios que lo deseen pueden realizar ya su reserva gratuita, de martes a viernes de 10 a 13 horas, siguiendo las instrucciones detalladas en <strong>este link<\/strong>.<\/p>\n<p>La exposici\u00f3n abrir\u00e1 sus puertas en Centro de Exposiciones Arte Canal de Madrid el pr\u00f3ximo <strong>1 de diciembre de 2017<\/strong>, donde permanecer\u00e1 hasta el 17 de junio de 2018.<\/p>\n","protected":false},"excerpt":{"rendered":"<p>Resulta imposible comprender el mundo moderno en su amplitud sin antes haber adquirido un profundo conocimiento sobre la historia de la Segunda Guerra Mundial y el mayor campo instaurado por la Alemania Nazi a lo largo de Europa: Auschwitz. Del mismo modo que\u00a0conocer es entender, entender ayuda a prevenir; por este motivo, la exposici\u00f3n Auschwitz [&hellip;]<\/p>\n","protected":false},"author":1,"featured_media":8398,"comment_status":"open","ping_status":"open","sticky":false,"template":"","format":"standard","meta":{"footnotes":""},"categories":[3],"tags":[],"class_list":["post-8943","post","type-post","status-publish","format-standard","has-post-thumbnail","hentry","category-notas-de-prensa"],"yoast_head":"<!-- This site is optimized with the Yoast SEO plugin v26.8 - https:\/\/yoast.com\/product\/yoast-seo-wordpress\/ -->\n<title>Blog Exposici\u00f3n Auschwitz - Gratuidad para grupos escolares<\/title>\n<meta name=\"robots\" content=\"index, follow, max-snippet:-1, max-image-preview:large, max-video-preview:-1\" \/>\n<link rel=\"canonical\" href=\"https:\/\/auschwitz.net\/es\/blog-gratuidadparagrupos\/\" \/>\n<meta property=\"og:locale\" content=\"es_ES\" \/>\n<meta property=\"og:type\" content=\"article\" \/>\n<meta property=\"og:title\" content=\"Blog Exposici\u00f3n Auschwitz - Gratuidad para grupos escolares\" \/>\n<meta property=\"og:description\" content=\"Resulta imposible comprender el mundo moderno en su amplitud sin antes haber adquirido un profundo conocimiento sobre la historia de la Segunda Guerra Mundial y el mayor campo instaurado por la Alemania Nazi a lo largo de Europa: Auschwitz. Del mismo modo que\u00a0conocer es entender, entender ayuda a prevenir; por este motivo, la exposici\u00f3n Auschwitz [&hellip;]\" \/>\n<meta property=\"og:url\" content=\"https:\/\/auschwitz.net\/es\/blog-gratuidadparagrupos\/\" \/>\n<meta property=\"og:site_name\" content=\"Auschwitz\" \/>\n<meta property=\"article:publisher\" content=\"https:\/\/www.facebook.com\/auschwitzexhibition\/\" \/>\n<meta property=\"article:published_time\" content=\"2017-11-14T10:49:53+00:00\" \/>\n<meta property=\"article:modified_time\" content=\"2018-03-19T10:21:45+00:00\" \/>\n<meta property=\"og:image\" content=\"https:\/\/auschwitz.net\/wp-content\/uploads\/2017\/08\/Captura-de-pantalla-2017-10-12-a-las-14.48.35.png\" \/>\n\t<meta property=\"og:image:width\" content=\"1115\" \/>\n\t<meta property=\"og:image:height\" content=\"745\" \/>\n\t<meta property=\"og:image:type\" content=\"image\/png\" \/>\n<meta name=\"author\" content=\"Musealia\" \/>\n<meta name=\"twitter:card\" content=\"summary_large_image\" \/>\n<meta name=\"twitter:creator\" content=\"@auschwitzxhibit\" \/>\n<meta name=\"twitter:site\" content=\"@auschwitzxhibit\" \/>\n<meta name=\"twitter:label1\" content=\"Escrito por\" \/>\n\t<meta name=\"twitter:data1\" content=\"Musealia\" \/>\n\t<meta name=\"twitter:label2\" content=\"Tiempo de lectura\" \/>\n\t<meta name=\"twitter:data2\" content=\"1 minuto\" \/>\n<script type=\"application\/ld+json\" class=\"yoast-schema-graph\">{\"@context\":\"https:\/\/schema.org\",\"@graph\":[{\"@type\":\"Article\",\"@id\":\"https:\/\/auschwitz.net\/es\/blog-gratuidadparagrupos\/#article\",\"isPartOf\":{\"@id\":\"https:\/\/auschwitz.net\/es\/blog-gratuidadparagrupos\/\"},\"author\":{\"name\":\"Musealia\",\"@id\":\"https:\/\/auschwitz.net\/#\/schema\/person\/2458a9330ddc0585689f9c479d87ce01\"},\"headline\":\"Acceso gratuito para los grupos escolares de Espa\u00f1a\",\"datePublished\":\"2017-11-14T10:49:53+00:00\",\"dateModified\":\"2018-03-19T10:21:45+00:00\",\"mainEntityOfPage\":{\"@id\":\"https:\/\/auschwitz.net\/es\/blog-gratuidadparagrupos\/\"},\"wordCount\":211,\"commentCount\":0,\"image\":{\"@id\":\"https:\/\/auschwitz.net\/es\/blog-gratuidadparagrupos\/#primaryimage\"},\"thumbnailUrl\":\"https:\/\/auschwitz.net\/wp-content\/uploads\/2017\/08\/Captura-de-pantalla-2017-10-12-a-las-14.48.35.png\",\"articleSection\":[\"Notas de prensa\"],\"inLanguage\":\"es\",\"potentialAction\":[{\"@type\":\"CommentAction\",\"name\":\"Comment\",\"target\":[\"https:\/\/auschwitz.net\/es\/blog-gratuidadparagrupos\/#respond\"]}]},{\"@type\":\"WebPage\",\"@id\":\"https:\/\/auschwitz.net\/es\/blog-gratuidadparagrupos\/\",\"url\":\"https:\/\/auschwitz.net\/es\/blog-gratuidadparagrupos\/\",\"name\":\"Blog Exposici\u00f3n Auschwitz - Gratuidad para grupos escolares\",\"isPartOf\":{\"@id\":\"https:\/\/auschwitz.net\/#website\"},\"primaryImageOfPage\":{\"@id\":\"https:\/\/auschwitz.net\/es\/blog-gratuidadparagrupos\/#primaryimage\"},\"image\":{\"@id\":\"https:\/\/auschwitz.net\/es\/blog-gratuidadparagrupos\/#primaryimage\"},\"thumbnailUrl\":\"https:\/\/auschwitz.net\/wp-content\/uploads\/2017\/08\/Captura-de-pantalla-2017-10-12-a-las-14.48.35.png\",\"datePublished\":\"2017-11-14T10:49:53+00:00\",\"dateModified\":\"2018-03-19T10:21:45+00:00\",\"author\":{\"@id\":\"https:\/\/auschwitz.net\/#\/schema\/person\/2458a9330ddc0585689f9c479d87ce01\"},\"breadcrumb\":{\"@id\":\"https:\/\/auschwitz.net\/es\/blog-gratuidadparagrupos\/#breadcrumb\"},\"inLanguage\":\"es\",\"potentialAction\":[{\"@type\":\"ReadAction\",\"target\":[\"https:\/\/auschwitz.net\/es\/blog-gratuidadparagrupos\/\"]}]},{\"@type\":\"ImageObject\",\"inLanguage\":\"es\",\"@id\":\"https:\/\/auschwitz.net\/es\/blog-gratuidadparagrupos\/#primaryimage\",\"url\":\"https:\/\/auschwitz.net\/wp-content\/uploads\/2017\/08\/Captura-de-pantalla-2017-10-12-a-las-14.48.35.png\",\"contentUrl\":\"https:\/\/auschwitz.net\/wp-content\/uploads\/2017\/08\/Captura-de-pantalla-2017-10-12-a-las-14.48.35.png\",\"width\":1115,\"height\":745,\"caption\":\"colegio\"},{\"@type\":\"BreadcrumbList\",\"@id\":\"https:\/\/auschwitz.net\/es\/blog-gratuidadparagrupos\/#breadcrumb\",\"itemListElement\":[{\"@type\":\"ListItem\",\"position\":1,\"name\":\"Portada\",\"item\":\"https:\/\/auschwitz.net\/es\/?page_id=17381\"},{\"@type\":\"ListItem\",\"position\":2,\"name\":\"Acceso gratuito para los grupos escolares de Espa\u00f1a\"}]},{\"@type\":\"WebSite\",\"@id\":\"https:\/\/auschwitz.net\/#website\",\"url\":\"https:\/\/auschwitz.net\/\",\"name\":\"Auschwitz\",\"description\":\"Exposici\u00f3n Auschwitz, en Madrid hasta el 16 de junio de 2018. Una emotiva y rigurosa muestra sobre el mayor campo nazi alem\u00e1n, con m\u00e1s de 600 objetos originales.\",\"potentialAction\":[{\"@type\":\"SearchAction\",\"target\":{\"@type\":\"EntryPoint\",\"urlTemplate\":\"https:\/\/auschwitz.net\/?s={search_term_string}\"},\"query-input\":{\"@type\":\"PropertyValueSpecification\",\"valueRequired\":true,\"valueName\":\"search_term_string\"}}],\"inLanguage\":\"es\"},{\"@type\":\"Person\",\"@id\":\"https:\/\/auschwitz.net\/#\/schema\/person\/2458a9330ddc0585689f9c479d87ce01\",\"name\":\"Musealia\",\"image\":{\"@type\":\"ImageObject\",\"inLanguage\":\"es\",\"@id\":\"https:\/\/auschwitz.net\/#\/schema\/person\/image\/\",\"url\":\"https:\/\/secure.gravatar.com\/avatar\/7d8b98419f55de3904e8054d7372da6f77f5489a57cb94d4d15591b09370b205?s=96&d=mm&r=g\",\"contentUrl\":\"https:\/\/secure.gravatar.com\/avatar\/7d8b98419f55de3904e8054d7372da6f77f5489a57cb94d4d15591b09370b205?s=96&d=mm&r=g\",\"caption\":\"Musealia\"},\"url\":\"https:\/\/auschwitz.net\/es\/author\/musealia\/\"}]}<\/script>\n<!-- \/ Yoast SEO plugin. -->","yoast_head_json":{"title":"Blog Exposici\u00f3n Auschwitz - Gratuidad para grupos escolares","robots":{"index":"index","follow":"follow","max-snippet":"max-snippet:-1","max-image-preview":"max-image-preview:large","max-video-preview":"max-video-preview:-1"},"canonical":"https:\/\/auschwitz.net\/es\/blog-gratuidadparagrupos\/","og_locale":"es_ES","og_type":"article","og_title":"Blog Exposici\u00f3n Auschwitz - Gratuidad para grupos escolares","og_description":"Resulta imposible comprender el mundo moderno en su amplitud sin antes haber adquirido un profundo conocimiento sobre la historia de la Segunda Guerra Mundial y el mayor campo instaurado por la Alemania Nazi a lo largo de Europa: Auschwitz. Del mismo modo que\u00a0conocer es entender, entender ayuda a prevenir; por este motivo, la exposici\u00f3n Auschwitz [&hellip;]","og_url":"https:\/\/auschwitz.net\/es\/blog-gratuidadparagrupos\/","og_site_name":"Auschwitz","article_publisher":"https:\/\/www.facebook.com\/auschwitzexhibition\/","article_published_time":"2017-11-14T10:49:53+00:00","article_modified_time":"2018-03-19T10:21:45+00:00","og_image":[{"width":1115,"height":745,"url":"https:\/\/auschwitz.net\/wp-content\/uploads\/2017\/08\/Captura-de-pantalla-2017-10-12-a-las-14.48.35.png","type":"image\/png"}],"author":"Musealia","twitter_card":"summary_large_image","twitter_creator":"@auschwitzxhibit","twitter_site":"@auschwitzxhibit","twitter_misc":{"Escrito por":"Musealia","Tiempo de lectura":"1 minuto"},"schema":{"@context":"https:\/\/schema.org","@graph":[{"@type":"Article","@id":"https:\/\/auschwitz.net\/es\/blog-gratuidadparagrupos\/#article","isPartOf":{"@id":"https:\/\/auschwitz.net\/es\/blog-gratuidadparagrupos\/"},"author":{"name":"Musealia","@id":"https:\/\/auschwitz.net\/#\/schema\/person\/2458a9330ddc0585689f9c479d87ce01"},"headline":"Acceso gratuito para los grupos escolares de Espa\u00f1a","datePublished":"2017-11-14T10:49:53+00:00","dateModified":"2018-03-19T10:21:45+00:00","mainEntityOfPage":{"@id":"https:\/\/auschwitz.net\/es\/blog-gratuidadparagrupos\/"},"wordCount":211,"commentCount":0,"image":{"@id":"https:\/\/auschwitz.net\/es\/blog-gratuidadparagrupos\/#primaryimage"},"thumbnailUrl":"https:\/\/auschwitz.net\/wp-content\/uploads\/2017\/08\/Captura-de-pantalla-2017-10-12-a-las-14.48.35.png","articleSection":["Notas de prensa"],"inLanguage":"es","potentialAction":[{"@type":"CommentAction","name":"Comment","target":["https:\/\/auschwitz.net\/es\/blog-gratuidadparagrupos\/#respond"]}]},{"@type":"WebPage","@id":"https:\/\/auschwitz.net\/es\/blog-gratuidadparagrupos\/","url":"https:\/\/auschwitz.net\/es\/blog-gratuidadparagrupos\/","name":"Blog Exposici\u00f3n Auschwitz - Gratuidad para grupos escolares","isPartOf":{"@id":"https:\/\/auschwitz.net\/#website"},"primaryImageOfPage":{"@id":"https:\/\/auschwitz.net\/es\/blog-gratuidadparagrupos\/#primaryimage"},"image":{"@id":"https:\/\/auschwitz.net\/es\/blog-gratuidadparagrupos\/#primaryimage"},"thumbnailUrl":"https:\/\/auschwitz.net\/wp-content\/uploads\/2017\/08\/Captura-de-pantalla-2017-10-12-a-las-14.48.35.png","datePublished":"2017-11-14T10:49:53+00:00","dateModified":"2018-03-19T10:21:45+00:00","author":{"@id":"https:\/\/auschwitz.net\/#\/schema\/person\/2458a9330ddc0585689f9c479d87ce01"},"breadcrumb":{"@id":"https:\/\/auschwitz.net\/es\/blog-gratuidadparagrupos\/#breadcrumb"},"inLanguage":"es","potentialAction":[{"@type":"ReadAction","target":["https:\/\/auschwitz.net\/es\/blog-gratuidadparagrupos\/"]}]},{"@type":"ImageObject","inLanguage":"es","@id":"https:\/\/auschwitz.net\/es\/blog-gratuidadparagrupos\/#primaryimage","url":"https:\/\/auschwitz.net\/wp-content\/uploads\/2017\/08\/Captura-de-pantalla-2017-10-12-a-las-14.48.35.png","contentUrl":"https:\/\/auschwitz.net\/wp-content\/uploads\/2017\/08\/Captura-de-pantalla-2017-10-12-a-las-14.48.35.png","width":1115,"height":745,"caption":"colegio"},{"@type":"BreadcrumbList","@id":"https:\/\/auschwitz.net\/es\/blog-gratuidadparagrupos\/#breadcrumb","itemListElement":[{"@type":"ListItem","position":1,"name":"Portada","item":"https:\/\/auschwitz.net\/es\/?page_id=17381"},{"@type":"ListItem","position":2,"name":"Acceso gratuito para los grupos escolares de Espa\u00f1a"}]},{"@type":"WebSite","@id":"https:\/\/auschwitz.net\/#website","url":"https:\/\/auschwitz.net\/","name":"Auschwitz","description":"Exposici\u00f3n Auschwitz, en Madrid hasta el 16 de junio de 2018. Una emotiva y rigurosa muestra sobre el mayor campo nazi alem\u00e1n, con m\u00e1s de 600 objetos originales.","potentialAction":[{"@type":"SearchAction","target":{"@type":"EntryPoint","urlTemplate":"https:\/\/auschwitz.net\/?s={search_term_string}"},"query-input":{"@type":"PropertyValueSpecification","valueRequired":true,"valueName":"search_term_string"}}],"inLanguage":"es"},{"@type":"Person","@id":"https:\/\/auschwitz.net\/#\/schema\/person\/2458a9330ddc0585689f9c479d87ce01","name":"Musealia","image":{"@type":"ImageObject","inLanguage":"es","@id":"https:\/\/auschwitz.net\/#\/schema\/person\/image\/","url":"https:\/\/secure.gravatar.com\/avatar\/7d8b98419f55de3904e8054d7372da6f77f5489a57cb94d4d15591b09370b205?s=96&d=mm&r=g","contentUrl":"https:\/\/secure.gravatar.com\/avatar\/7d8b98419f55de3904e8054d7372da6f77f5489a57cb94d4d15591b09370b205?s=96&d=mm&r=g","caption":"Musealia"},"url":"https:\/\/auschwitz.net\/es\/author\/musealia\/"}]}},"_links":{"self":[{"href":"https:\/\/auschwitz.net\/es\/wp-json\/wp\/v2\/posts\/8943","targetHints":{"allow":["GET"]}}],"collection":[{"href":"https:\/\/auschwitz.net\/es\/wp-json\/wp\/v2\/posts"}],"about":[{"href":"https:\/\/auschwitz.net\/es\/wp-json\/wp\/v2\/types\/post"}],"author":[{"embeddable":true,"href":"https:\/\/auschwitz.net\/es\/wp-json\/wp\/v2\/users\/1"}],"replies":[{"embeddable":true,"href":"https:\/\/auschwitz.net\/es\/wp-json\/wp\/v2\/comments?post=8943"}],"version-history":[{"count":5,"href":"https:\/\/auschwitz.net\/es\/wp-json\/wp\/v2\/posts\/8943\/revisions"}],"predecessor-version":[{"id":10162,"href":"https:\/\/auschwitz.net\/es\/wp-json\/wp\/v2\/posts\/8943\/revisions\/10162"}],"wp:featuredmedia":[{"embeddable":true,"href":"https:\/\/auschwitz.net\/es\/wp-json\/wp\/v2\/media\/8398"}],"wp:attachment":[{"href":"https:\/\/auschwitz.net\/es\/wp-json\/wp\/v2\/media?parent=8943"}],"wp:term":[{"taxonomy":"category","embeddable":true,"href":"https:\/\/auschwitz.net\/es\/wp-json\/wp\/v2\/categories?post=8943"},{"taxonomy":"post_tag","embeddable":true,"href":"https:\/\/auschwitz.net\/es\/wp-json\/wp\/v2\/tags?post=8943"}],"curies":[{"name":"wp","href":"https:\/\/api.w.org\/{rel}","templated":true}]}}