{"id":1680,"date":"2016-10-26T10:20:14","date_gmt":"2016-10-26T08:20:14","guid":{"rendered":"http:\/\/demo.goodlayers.com\/infinite\/?p=1680"},"modified":"2017-10-30T16:24:04","modified_gmt":"2017-10-30T15:24:04","slug":"fecha-de-apertura-exposicion-auschwitz-madrid","status":"publish","type":"post","link":"https:\/\/auschwitz.net\/es\/fecha-de-apertura-exposicion-auschwitz-madrid\/","title":{"rendered":"El pr\u00f3ximo 1 de diciembre, apertura en Madrid de la exposici\u00f3n Auschwitz"},"content":{"rendered":"","protected":false},"excerpt":{"rendered":"<p>El pr\u00f3ximo 1 de diciembre tendr\u00e1 lugar la apertura al p\u00fablico de la exposici\u00f3n Auschwitz. No hace mucho. No muy lejos, que podr\u00e1 visitarse en el Centro de Exposiciones Arte Canal de Madrid hasta el 17 de junio de 2018. <\/p>\n","protected":false},"author":1,"featured_media":8784,"comment_status":"open","ping_status":"open","sticky":false,"template":"","format":"standard","meta":{"footnotes":""},"categories":[3],"tags":[],"class_list":["post-1680","post","type-post","status-publish","format-standard","has-post-thumbnail","hentry","category-notas-de-prensa"],"yoast_head":"<!-- This site is optimized with the Yoast SEO plugin v26.8 - https:\/\/yoast.com\/product\/yoast-seo-wordpress\/ -->\n<title>1 de diciembre, apertura de la exposici\u00f3n Auschwitz en Madrid<\/title>\n<meta name=\"description\" content=\"La exposici\u00f3n Auschwitz abrir\u00e1 sus puertas en Centro de Exposiciones Arte Canal de Madrid el pr\u00f3ximo 1 de diciembre de 2017. Conoce todos los detalles.\" \/>\n<meta name=\"robots\" content=\"index, follow, max-snippet:-1, max-image-preview:large, max-video-preview:-1\" \/>\n<link rel=\"canonical\" href=\"https:\/\/auschwitz.net\/es\/fecha-de-apertura-exposicion-auschwitz-madrid\/\" \/>\n<meta property=\"og:locale\" content=\"es_ES\" \/>\n<meta property=\"og:type\" content=\"article\" \/>\n<meta property=\"og:title\" content=\"1 de diciembre, apertura de la exposici\u00f3n Auschwitz en Madrid\" \/>\n<meta property=\"og:description\" content=\"La exposici\u00f3n Auschwitz abrir\u00e1 sus puertas en Centro de Exposiciones Arte Canal de Madrid el pr\u00f3ximo 1 de diciembre de 2017. Conoce todos los detalles.\" \/>\n<meta property=\"og:url\" content=\"https:\/\/auschwitz.net\/es\/fecha-de-apertura-exposicion-auschwitz-madrid\/\" \/>\n<meta property=\"og:site_name\" content=\"Auschwitz\" \/>\n<meta property=\"article:publisher\" content=\"https:\/\/www.facebook.com\/auschwitzexhibition\/\" \/>\n<meta property=\"article:published_time\" content=\"2016-10-26T08:20:14+00:00\" \/>\n<meta property=\"article:modified_time\" content=\"2017-10-30T15:24:04+00:00\" \/>\n<meta property=\"og:image\" content=\"https:\/\/auschwitz.net\/wp-content\/uploads\/2016\/09\/25a756db-fc3f-4d43-b402-626abb62e580.jpg\" \/>\n\t<meta property=\"og:image:width\" content=\"700\" \/>\n\t<meta property=\"og:image:height\" content=\"461\" \/>\n\t<meta property=\"og:image:type\" content=\"image\/jpeg\" \/>\n<meta name=\"author\" content=\"Musealia\" \/>\n<meta name=\"twitter:card\" content=\"summary_large_image\" \/>\n<meta name=\"twitter:creator\" content=\"@auschwitzxhibit\" \/>\n<meta name=\"twitter:site\" content=\"@auschwitzxhibit\" \/>\n<meta name=\"twitter:label1\" content=\"Escrito por\" \/>\n\t<meta name=\"twitter:data1\" content=\"Musealia\" \/>\n<script type=\"application\/ld+json\" class=\"yoast-schema-graph\">{\"@context\":\"https:\/\/schema.org\",\"@graph\":[{\"@type\":\"Article\",\"@id\":\"https:\/\/auschwitz.net\/es\/fecha-de-apertura-exposicion-auschwitz-madrid\/#article\",\"isPartOf\":{\"@id\":\"https:\/\/auschwitz.net\/es\/fecha-de-apertura-exposicion-auschwitz-madrid\/\"},\"author\":{\"name\":\"Musealia\",\"@id\":\"https:\/\/auschwitz.net\/#\/schema\/person\/2458a9330ddc0585689f9c479d87ce01\"},\"headline\":\"El pr\u00f3ximo 1 de diciembre, apertura en Madrid de la exposici\u00f3n Auschwitz\",\"datePublished\":\"2016-10-26T08:20:14+00:00\",\"dateModified\":\"2017-10-30T15:24:04+00:00\",\"mainEntityOfPage\":{\"@id\":\"https:\/\/auschwitz.net\/es\/fecha-de-apertura-exposicion-auschwitz-madrid\/\"},\"wordCount\":13,\"commentCount\":12,\"image\":{\"@id\":\"https:\/\/auschwitz.net\/es\/fecha-de-apertura-exposicion-auschwitz-madrid\/#primaryimage\"},\"thumbnailUrl\":\"https:\/\/auschwitz.net\/wp-content\/uploads\/2016\/09\/25a756db-fc3f-4d43-b402-626abb62e580.jpg\",\"articleSection\":[\"Notas de prensa\"],\"inLanguage\":\"es\",\"potentialAction\":[{\"@type\":\"CommentAction\",\"name\":\"Comment\",\"target\":[\"https:\/\/auschwitz.net\/es\/fecha-de-apertura-exposicion-auschwitz-madrid\/#respond\"]}]},{\"@type\":\"WebPage\",\"@id\":\"https:\/\/auschwitz.net\/es\/fecha-de-apertura-exposicion-auschwitz-madrid\/\",\"url\":\"https:\/\/auschwitz.net\/es\/fecha-de-apertura-exposicion-auschwitz-madrid\/\",\"name\":\"1 de diciembre, apertura de la exposici\u00f3n Auschwitz en Madrid\",\"isPartOf\":{\"@id\":\"https:\/\/auschwitz.net\/#website\"},\"primaryImageOfPage\":{\"@id\":\"https:\/\/auschwitz.net\/es\/fecha-de-apertura-exposicion-auschwitz-madrid\/#primaryimage\"},\"image\":{\"@id\":\"https:\/\/auschwitz.net\/es\/fecha-de-apertura-exposicion-auschwitz-madrid\/#primaryimage\"},\"thumbnailUrl\":\"https:\/\/auschwitz.net\/wp-content\/uploads\/2016\/09\/25a756db-fc3f-4d43-b402-626abb62e580.jpg\",\"datePublished\":\"2016-10-26T08:20:14+00:00\",\"dateModified\":\"2017-10-30T15:24:04+00:00\",\"author\":{\"@id\":\"https:\/\/auschwitz.net\/#\/schema\/person\/2458a9330ddc0585689f9c479d87ce01\"},\"description\":\"La exposici\u00f3n Auschwitz abrir\u00e1 sus puertas en Centro de Exposiciones Arte Canal de Madrid el pr\u00f3ximo 1 de diciembre de 2017. Conoce todos los detalles.\",\"breadcrumb\":{\"@id\":\"https:\/\/auschwitz.net\/es\/fecha-de-apertura-exposicion-auschwitz-madrid\/#breadcrumb\"},\"inLanguage\":\"es\",\"potentialAction\":[{\"@type\":\"ReadAction\",\"target\":[\"https:\/\/auschwitz.net\/es\/fecha-de-apertura-exposicion-auschwitz-madrid\/\"]}]},{\"@type\":\"ImageObject\",\"inLanguage\":\"es\",\"@id\":\"https:\/\/auschwitz.net\/es\/fecha-de-apertura-exposicion-auschwitz-madrid\/#primaryimage\",\"url\":\"https:\/\/auschwitz.net\/wp-content\/uploads\/2016\/09\/25a756db-fc3f-4d43-b402-626abb62e580.jpg\",\"contentUrl\":\"https:\/\/auschwitz.net\/wp-content\/uploads\/2016\/09\/25a756db-fc3f-4d43-b402-626abb62e580.jpg\",\"width\":700,\"height\":461,\"caption\":\"Arbeit Match Frei\"},{\"@type\":\"BreadcrumbList\",\"@id\":\"https:\/\/auschwitz.net\/es\/fecha-de-apertura-exposicion-auschwitz-madrid\/#breadcrumb\",\"itemListElement\":[{\"@type\":\"ListItem\",\"position\":1,\"name\":\"Portada\",\"item\":\"https:\/\/auschwitz.net\/es\/?page_id=17381\"},{\"@type\":\"ListItem\",\"position\":2,\"name\":\"El pr\u00f3ximo 1 de diciembre, apertura en Madrid de la exposici\u00f3n Auschwitz\"}]},{\"@type\":\"WebSite\",\"@id\":\"https:\/\/auschwitz.net\/#website\",\"url\":\"https:\/\/auschwitz.net\/\",\"name\":\"Auschwitz\",\"description\":\"Exposici\u00f3n Auschwitz, en Madrid hasta el 16 de junio de 2018. Una emotiva y rigurosa muestra sobre el mayor campo nazi alem\u00e1n, con m\u00e1s de 600 objetos originales.\",\"potentialAction\":[{\"@type\":\"SearchAction\",\"target\":{\"@type\":\"EntryPoint\",\"urlTemplate\":\"https:\/\/auschwitz.net\/?s={search_term_string}\"},\"query-input\":{\"@type\":\"PropertyValueSpecification\",\"valueRequired\":true,\"valueName\":\"search_term_string\"}}],\"inLanguage\":\"es\"},{\"@type\":\"Person\",\"@id\":\"https:\/\/auschwitz.net\/#\/schema\/person\/2458a9330ddc0585689f9c479d87ce01\",\"name\":\"Musealia\",\"image\":{\"@type\":\"ImageObject\",\"inLanguage\":\"es\",\"@id\":\"https:\/\/auschwitz.net\/#\/schema\/person\/image\/\",\"url\":\"https:\/\/secure.gravatar.com\/avatar\/7d8b98419f55de3904e8054d7372da6f77f5489a57cb94d4d15591b09370b205?s=96&d=mm&r=g\",\"contentUrl\":\"https:\/\/secure.gravatar.com\/avatar\/7d8b98419f55de3904e8054d7372da6f77f5489a57cb94d4d15591b09370b205?s=96&d=mm&r=g\",\"caption\":\"Musealia\"},\"url\":\"https:\/\/auschwitz.net\/es\/author\/musealia\/\"}]}<\/script>\n<!-- \/ Yoast SEO plugin. -->","yoast_head_json":{"title":"1 de diciembre, apertura de la exposici\u00f3n Auschwitz en Madrid","description":"La exposici\u00f3n Auschwitz abrir\u00e1 sus puertas en Centro de Exposiciones Arte Canal de Madrid el pr\u00f3ximo 1 de diciembre de 2017. Conoce todos los detalles.","robots":{"index":"index","follow":"follow","max-snippet":"max-snippet:-1","max-image-preview":"max-image-preview:large","max-video-preview":"max-video-preview:-1"},"canonical":"https:\/\/auschwitz.net\/es\/fecha-de-apertura-exposicion-auschwitz-madrid\/","og_locale":"es_ES","og_type":"article","og_title":"1 de diciembre, apertura de la exposici\u00f3n Auschwitz en Madrid","og_description":"La exposici\u00f3n Auschwitz abrir\u00e1 sus puertas en Centro de Exposiciones Arte Canal de Madrid el pr\u00f3ximo 1 de diciembre de 2017. Conoce todos los detalles.","og_url":"https:\/\/auschwitz.net\/es\/fecha-de-apertura-exposicion-auschwitz-madrid\/","og_site_name":"Auschwitz","article_publisher":"https:\/\/www.facebook.com\/auschwitzexhibition\/","article_published_time":"2016-10-26T08:20:14+00:00","article_modified_time":"2017-10-30T15:24:04+00:00","og_image":[{"width":700,"height":461,"url":"https:\/\/auschwitz.net\/wp-content\/uploads\/2016\/09\/25a756db-fc3f-4d43-b402-626abb62e580.jpg","type":"image\/jpeg"}],"author":"Musealia","twitter_card":"summary_large_image","twitter_creator":"@auschwitzxhibit","twitter_site":"@auschwitzxhibit","twitter_misc":{"Escrito por":"Musealia"},"schema":{"@context":"https:\/\/schema.org","@graph":[{"@type":"Article","@id":"https:\/\/auschwitz.net\/es\/fecha-de-apertura-exposicion-auschwitz-madrid\/#article","isPartOf":{"@id":"https:\/\/auschwitz.net\/es\/fecha-de-apertura-exposicion-auschwitz-madrid\/"},"author":{"name":"Musealia","@id":"https:\/\/auschwitz.net\/#\/schema\/person\/2458a9330ddc0585689f9c479d87ce01"},"headline":"El pr\u00f3ximo 1 de diciembre, apertura en Madrid de la exposici\u00f3n Auschwitz","datePublished":"2016-10-26T08:20:14+00:00","dateModified":"2017-10-30T15:24:04+00:00","mainEntityOfPage":{"@id":"https:\/\/auschwitz.net\/es\/fecha-de-apertura-exposicion-auschwitz-madrid\/"},"wordCount":13,"commentCount":12,"image":{"@id":"https:\/\/auschwitz.net\/es\/fecha-de-apertura-exposicion-auschwitz-madrid\/#primaryimage"},"thumbnailUrl":"https:\/\/auschwitz.net\/wp-content\/uploads\/2016\/09\/25a756db-fc3f-4d43-b402-626abb62e580.jpg","articleSection":["Notas de prensa"],"inLanguage":"es","potentialAction":[{"@type":"CommentAction","name":"Comment","target":["https:\/\/auschwitz.net\/es\/fecha-de-apertura-exposicion-auschwitz-madrid\/#respond"]}]},{"@type":"WebPage","@id":"https:\/\/auschwitz.net\/es\/fecha-de-apertura-exposicion-auschwitz-madrid\/","url":"https:\/\/auschwitz.net\/es\/fecha-de-apertura-exposicion-auschwitz-madrid\/","name":"1 de diciembre, apertura de la exposici\u00f3n Auschwitz en Madrid","isPartOf":{"@id":"https:\/\/auschwitz.net\/#website"},"primaryImageOfPage":{"@id":"https:\/\/auschwitz.net\/es\/fecha-de-apertura-exposicion-auschwitz-madrid\/#primaryimage"},"image":{"@id":"https:\/\/auschwitz.net\/es\/fecha-de-apertura-exposicion-auschwitz-madrid\/#primaryimage"},"thumbnailUrl":"https:\/\/auschwitz.net\/wp-content\/uploads\/2016\/09\/25a756db-fc3f-4d43-b402-626abb62e580.jpg","datePublished":"2016-10-26T08:20:14+00:00","dateModified":"2017-10-30T15:24:04+00:00","author":{"@id":"https:\/\/auschwitz.net\/#\/schema\/person\/2458a9330ddc0585689f9c479d87ce01"},"description":"La exposici\u00f3n Auschwitz abrir\u00e1 sus puertas en Centro de Exposiciones Arte Canal de Madrid el pr\u00f3ximo 1 de diciembre de 2017. Conoce todos los detalles.","breadcrumb":{"@id":"https:\/\/auschwitz.net\/es\/fecha-de-apertura-exposicion-auschwitz-madrid\/#breadcrumb"},"inLanguage":"es","potentialAction":[{"@type":"ReadAction","target":["https:\/\/auschwitz.net\/es\/fecha-de-apertura-exposicion-auschwitz-madrid\/"]}]},{"@type":"ImageObject","inLanguage":"es","@id":"https:\/\/auschwitz.net\/es\/fecha-de-apertura-exposicion-auschwitz-madrid\/#primaryimage","url":"https:\/\/auschwitz.net\/wp-content\/uploads\/2016\/09\/25a756db-fc3f-4d43-b402-626abb62e580.jpg","contentUrl":"https:\/\/auschwitz.net\/wp-content\/uploads\/2016\/09\/25a756db-fc3f-4d43-b402-626abb62e580.jpg","width":700,"height":461,"caption":"Arbeit Match Frei"},{"@type":"BreadcrumbList","@id":"https:\/\/auschwitz.net\/es\/fecha-de-apertura-exposicion-auschwitz-madrid\/#breadcrumb","itemListElement":[{"@type":"ListItem","position":1,"name":"Portada","item":"https:\/\/auschwitz.net\/es\/?page_id=17381"},{"@type":"ListItem","position":2,"name":"El pr\u00f3ximo 1 de diciembre, apertura en Madrid de la exposici\u00f3n Auschwitz"}]},{"@type":"WebSite","@id":"https:\/\/auschwitz.net\/#website","url":"https:\/\/auschwitz.net\/","name":"Auschwitz","description":"Exposici\u00f3n Auschwitz, en Madrid hasta el 16 de junio de 2018. Una emotiva y rigurosa muestra sobre el mayor campo nazi alem\u00e1n, con m\u00e1s de 600 objetos originales.","potentialAction":[{"@type":"SearchAction","target":{"@type":"EntryPoint","urlTemplate":"https:\/\/auschwitz.net\/?s={search_term_string}"},"query-input":{"@type":"PropertyValueSpecification","valueRequired":true,"valueName":"search_term_string"}}],"inLanguage":"es"},{"@type":"Person","@id":"https:\/\/auschwitz.net\/#\/schema\/person\/2458a9330ddc0585689f9c479d87ce01","name":"Musealia","image":{"@type":"ImageObject","inLanguage":"es","@id":"https:\/\/auschwitz.net\/#\/schema\/person\/image\/","url":"https:\/\/secure.gravatar.com\/avatar\/7d8b98419f55de3904e8054d7372da6f77f5489a57cb94d4d15591b09370b205?s=96&d=mm&r=g","contentUrl":"https:\/\/secure.gravatar.com\/avatar\/7d8b98419f55de3904e8054d7372da6f77f5489a57cb94d4d15591b09370b205?s=96&d=mm&r=g","caption":"Musealia"},"url":"https:\/\/auschwitz.net\/es\/author\/musealia\/"}]}},"_links":{"self":[{"href":"https:\/\/auschwitz.net\/es\/wp-json\/wp\/v2\/posts\/1680","targetHints":{"allow":["GET"]}}],"collection":[{"href":"https:\/\/auschwitz.net\/es\/wp-json\/wp\/v2\/posts"}],"about":[{"href":"https:\/\/auschwitz.net\/es\/wp-json\/wp\/v2\/types\/post"}],"author":[{"embeddable":true,"href":"https:\/\/auschwitz.net\/es\/wp-json\/wp\/v2\/users\/1"}],"replies":[{"embeddable":true,"href":"https:\/\/auschwitz.net\/es\/wp-json\/wp\/v2\/comments?post=1680"}],"version-history":[{"count":7,"href":"https:\/\/auschwitz.net\/es\/wp-json\/wp\/v2\/posts\/1680\/revisions"}],"predecessor-version":[{"id":8855,"href":"https:\/\/auschwitz.net\/es\/wp-json\/wp\/v2\/posts\/1680\/revisions\/8855"}],"wp:featuredmedia":[{"embeddable":true,"href":"https:\/\/auschwitz.net\/es\/wp-json\/wp\/v2\/media\/8784"}],"wp:attachment":[{"href":"https:\/\/auschwitz.net\/es\/wp-json\/wp\/v2\/media?parent=1680"}],"wp:term":[{"taxonomy":"category","embeddable":true,"href":"https:\/\/auschwitz.net\/es\/wp-json\/wp\/v2\/categories?post=1680"},{"taxonomy":"post_tag","embeddable":true,"href":"https:\/\/auschwitz.net\/es\/wp-json\/wp\/v2\/tags?post=1680"}],"curies":[{"name":"wp","href":"https:\/\/api.w.org\/{rel}","templated":true}]}}