{"id":1314,"date":"2016-07-11T11:28:17","date_gmt":"2016-07-11T09:28:17","guid":{"rendered":"http:\/\/demo.goodlayers.com\/infinite\/?p=1314"},"modified":"2017-12-26T15:22:23","modified_gmt":"2017-12-26T14:22:23","slug":"nueva-exposicion-auschwitz","status":"publish","type":"post","link":"https:\/\/auschwitz.net\/es\/nueva-exposicion-auschwitz\/","title":{"rendered":"Auschwitz, una nueva exposici\u00f3n internacional"},"content":{"rendered":"<div class=\"page\" title=\"Page 1\">\n<div class=\"layoutArea\">\n<div class=\"column\">\n<p>Por primera vez en la historia, una <strong>exposici\u00f3n monogr\u00e1fica mostrar\u00e1 al mundo<\/strong> la historia de Auschwitz y las repercusiones hist\u00f3ricas y humanas del Holocausto, 72 a\u00f1os despu\u00e9s de la liberaci\u00f3n de este campo de concentraci\u00f3n y exterminio de la Alemania nazi.<\/p>\n<\/div>\n<div class=\"page\" title=\"Page 1\">\n<div class=\"layoutArea\">\n<div class=\"column\">\n<p>Se trata de \u201c<strong>AUSCHWITZ. No hace mucho. No muy lejos<\/strong>\u201d (\u201cAuschwitz. Not Far Away. Not Long Ago\u201d, por su t\u00edtulo original en ingl\u00e9s), una muestra itinerante coproducida por el<strong> <a href=\"http:\/\/auschwitz.org\/en\/more\/spanish\/\" target=\"_blank\" rel=\"noopener\">Museo Estatal de Auschwitz-Birkenau<\/a><\/strong> y la compa\u00f1\u00eda espa\u00f1ola Musealia.<\/p>\n<p>La exposici\u00f3n ha sido concebida y dise\u00f1ada en colaboraci\u00f3n por un <a href=\"https:\/\/auschwitz.net\/es\/exposicion-comisarios\/\">equipo<\/a> de historiadores y expertos liderados por el Dr. Robert Jan van Pelt y reunidos por Musealia, y el equipo multidisciplinar de historiadores, conservadores, documentalistas y expertos del Centro de Investigaci\u00f3n del Museo Estatal de Auschwitz-Birkenau, dirigidos por el Dr. Piotr Setkiewicz.<\/p>\n<h5>El estreno mundial de la exposici\u00f3n<\/h5>\n<p>El estreno mundial de esta exposici\u00f3n, en la que se lleva trabajando m\u00e1s de 6 a\u00f1os, tendr\u00e1 lugar <strong>a finales de 2017 en el <a href=\"https:\/\/www.esmadrid.com\/informacion-turistica\/centro-exposiciones-arte-canal\" target=\"_blank\" rel=\"noopener\">Centro de Exposiciones Arte Canal de Madrid<\/a><\/strong>. De este modo, la muestra visitar\u00e1 14 ciudades en todo el mundo: 7 en Europa y 7 en Norte Am\u00e9rica, acercando la historia de Auschwitz a millones de personas en todo el planeta. Estas se anunciar\u00e1n escalonadamente, aunque <strong>Madrid ser\u00e1, en cualquier caso, su \u00fanico destino en Espa\u00f1a<\/strong>.<\/p>\n<p>Como indica su subt\u00edtulo, Auschwitz fue parte de la historia moderna y su memoria forma parte del mundo contempor\u00e1neo. Por eso, uno de los objetivos principales de este proyecto es mostrar al gran p\u00fablico c\u00f3mo ese lugar lleg\u00f3 a existir y el modo en que su existencia afecta a\u00fan hoy a nuestra visi\u00f3n del mundo y de nosotros mismos.<\/p>\n<\/div>\n<\/div>\n<\/div>\n<\/div>\n<\/div>\n<h5>Sobre la exposici\u00f3n y su colecci\u00f3n<\/h5>\n<blockquote>\n<div class=\"page\" title=\"Page 1\">\n<div class=\"layoutArea\">\n<div class=\"column\">\n<p>La exposici\u00f3n mostrar\u00e1 durante esta itineraria mundial <strong>m\u00e1s de 600 objetos originales<\/strong>, en su\u00a0mayor\u00eda pertenecientes a la colecci\u00f3n del Museo Estatal de Auschwitz-Birkenau.<\/p>\n<\/div>\n<\/div>\n<\/div>\n<\/blockquote>\n<div class=\"page\" title=\"Page 1\">\n<div class=\"layoutArea\">\n<div class=\"column\">\n<p>Del mismo modo, instituciones de diferentes naciones como <a href=\"https:\/\/www.yadvashem.org\" target=\"_blank\" rel=\"noopener\"><strong>Yad Vashem \u2013 Centro Mundial de Conmemoraci\u00f3n de la Shoah<\/strong><\/a> en Jerusalem (Israel), el <a href=\"https:\/\/www.ushmm.org\" target=\"_blank\" rel=\"noopener\"><strong>United States Holocaust Memorial and Museum<\/strong><\/a> en Washington DC (Estados Unidos) o diferentes museos del Holocausto de Norte Am\u00e9rica y Europa, <strong>diversos supervivientes<\/strong> y coleccionistas privados participan activamente en este proyecto, cediendo numerosos objetos de <a href=\"https:\/\/auschwitz.net\/es\/exposicion-coleccion\/\" target=\"_blank\" rel=\"noopener\">20 colecciones<\/a> diferentes para su exposici\u00f3n.<\/p>\n<\/div>\n<\/div>\n<\/div>\n<div class=\"page\" title=\"Page 1\">\n<div class=\"layoutArea\">\n<div class=\"column\">\n<p>Entre los cerca de <strong>600 objetos<\/strong> que conformar\u00e1n la exposici\u00f3n, <strong>destaca un barrac\u00f3n original<\/strong> procedente de Auschwitz III &#8211; Monowitz, uno de los subcampos en que se divid\u00eda Auschwitz destinado principalmente al trabajo forzado. Asimismo, merece tambi\u00e9n especial menci\u00f3n un <strong>vag\u00f3n original<\/strong> (modelo 2) de la compa\u00f1\u00eda nacional alemana de tren, la Deutsche Reichsbahn. Este tipo de vag\u00f3n se utiliz\u00f3 durante la Segunda Guerra Mundial para el traslado de soldados, prisioneros de guerra y jud\u00edos deportados hasta los guetos y campos de exterminio.<\/p>\n<\/div>\n<\/div>\n<\/div>\n<span class=\"gdlr-core-space-shortcode\" style=\"margin-top: 50px ;\"  ><\/span>\n<p><img loading=\"lazy\" decoding=\"async\" class=\"wp-image-6659 aligncenter\" src=\"https:\/\/auschwitz.net\/wp-content\/uploads\/2016\/06\/centro-de-exposiciones-arte-canal-300x200.jpg\" alt=\"centro de exposiciones arte canal\" width=\"471\" height=\"314\" srcset=\"https:\/\/auschwitz.net\/wp-content\/uploads\/2016\/06\/centro-de-exposiciones-arte-canal-300x200.jpg 300w, https:\/\/auschwitz.net\/wp-content\/uploads\/2016\/06\/centro-de-exposiciones-arte-canal-768x512.jpg 768w, https:\/\/auschwitz.net\/wp-content\/uploads\/2016\/06\/centro-de-exposiciones-arte-canal.jpg 800w\" sizes=\"auto, (max-width: 471px) 100vw, 471px\" \/><\/p>\n<span class=\"gdlr-core-space-shortcode\" style=\"margin-top: 60px ;\"  ><\/span>\n<h6>Una colaboraci\u00f3n sin precedentes<\/h6>\n<div class=\"page\" title=\"Page 2\">\n<div class=\"layoutArea\">\n<div class=\"column\">\n<p>Estos excepcionales objetos ser\u00e1n solo algunos de los que ilustren los principales aspectos de la historia de Auschwitz y representar\u00e1n a todos los grupos de v\u00edctimas en el campo: <strong>jud\u00edos deportados para su exterminio, polacos, gitanos, prisioneros de guerra sovi\u00e9ticos<\/strong> y otros tantos colectivos. Del mismo modo, algunos objetos mostrar\u00e1n tambi\u00e9n el mundo de los verdugos, al recoger la realidad de los miembros de la SS, la fuerza ejecutiva ideol\u00f3gica del nazismo que cre\u00f3 y oper\u00f3 en el mayor de los campos nazis.<\/p>\n<p>Aunque en anteriores ocasiones el Museo Estatal de Auschwitz-Birkenau ha cedido piezas a museos e instituciones, esta se trata de una <strong>colaboraci\u00f3n sin precedentes<\/strong>, dada la gran cantidad de piezas cedidas y el car\u00e1cter itinerante e internacional de esta nueva exposici\u00f3n. Adem\u00e1s, la mayor\u00eda de estos objetos no se han expuesto nunca antes al p\u00fablico general.<\/p>\n<\/div>\n<div class=\"page\" title=\"Page 2\">\n<div class=\"layoutArea\">\n<div class=\"column\">\n<h6>No hace mucho. No muy lejos.<\/h6>\n<p><strong>M\u00e1s de 1.100.000 personas fueron asesinadas en Auschwitz<\/strong> a manos de los nazis. Ocurri\u00f3 en el coraz\u00f3n de Europa, en el seno de la sociedad m\u00e1s avanzada tecnol\u00f3gicamente de su \u00e9poca. No hace mucho. No muy lejos. Por lo que recordar y tener presente la mayor masacre perpetrada en el siglo XX es un imperativo para la educaci\u00f3n de las nuevas y futuras generaciones.<\/p>\n<p>El Director del Museo Estatal de Auschwitz-Birkenau, el <strong>Dr. Piotr M.A. Cywi\u0144ski<\/strong>, comenta a este respecto que \u201cel mundo se mueve hoy en direcciones inciertas. Por eso necesitamos, cada vez m\u00e1s, apoyarnos en los fuertes pilares de nuestra memoria\u201d. \u201cAuschwitz y la tragedia de la Sho\u00e1 son uno de esos pilares que no pueden ignorarse a la hora de crear un nuevo rostro para el mundo\u201d, a\u00f1ade.<\/p>\n<p>En este sentido, ha manifestado que \u201cnada puede reemplazar la visita al verdadero lugar donde se perpetr\u00f3 el mayor crimen del siglo XX, pero esta exposici\u00f3n, que podr\u00e1n visitar personas de muchos pa\u00edses, puede convertirse en <strong>un llanto colectivo de advertencia al mundo de los peligros de construir un futuro basado en el odio, el racismo, el antisemitismo<\/strong> y el desprecio infinito hacia otro ser humano\u201d.<\/p>\n<p>En palabras del director del proyecto expositivo, Luis Ferreiro (Musealia), esta exposici\u00f3n ofrecer\u00e1 \u201c<strong>un viaje introspectivo por la propia naturaleza del ser humano<\/strong>, experimentado a trav\u00e9s de la historia dual del campo: Auschwitz como un espacio f\u00edsico y Auschwitz como s\u00edmbolo y met\u00e1fora de la manifestaci\u00f3n sin fronteras de la barbarie humana\u201d.<\/p>\n<\/div>\n<\/div>\n<\/div>\n<\/div>\n<\/div>\n","protected":false},"excerpt":{"rendered":"<p>Por primera vez en la historia, una exposici\u00f3n monogr\u00e1fica mostrar\u00e1 al mundo la historia de Auschwitz y las repercusiones hist\u00f3ricas y humanas del Holocausto, 72 a\u00f1os despu\u00e9s de la liberaci\u00f3n de este campo de concentraci\u00f3n y exterminio de la Alemania nazi.<\/p>\n","protected":false},"author":1,"featured_media":6661,"comment_status":"open","ping_status":"open","sticky":false,"template":"","format":"standard","meta":{"footnotes":""},"categories":[3],"tags":[],"class_list":["post-1314","post","type-post","status-publish","format-standard","has-post-thumbnail","hentry","category-notas-de-prensa"],"yoast_head":"<!-- This site is optimized with the Yoast SEO plugin v26.8 - https:\/\/yoast.com\/product\/yoast-seo-wordpress\/ -->\n<title>Auschwitz, una nueva exposici\u00f3n internacional - Auschwitz<\/title>\n<meta name=\"robots\" content=\"index, follow, max-snippet:-1, max-image-preview:large, max-video-preview:-1\" \/>\n<link rel=\"canonical\" href=\"https:\/\/auschwitz.net\/es\/nueva-exposicion-auschwitz\/\" \/>\n<meta property=\"og:locale\" content=\"es_ES\" \/>\n<meta property=\"og:type\" content=\"article\" \/>\n<meta property=\"og:title\" content=\"Auschwitz, una nueva exposici\u00f3n internacional - Auschwitz\" \/>\n<meta property=\"og:description\" content=\"Por primera vez en la historia, una exposici\u00f3n monogr\u00e1fica mostrar\u00e1 al mundo la historia de Auschwitz y las repercusiones hist\u00f3ricas y humanas del Holocausto, 72 a\u00f1os despu\u00e9s de la liberaci\u00f3n de este campo de concentraci\u00f3n y exterminio de la Alemania nazi.\" \/>\n<meta property=\"og:url\" content=\"https:\/\/auschwitz.net\/es\/nueva-exposicion-auschwitz\/\" \/>\n<meta property=\"og:site_name\" content=\"Auschwitz\" \/>\n<meta property=\"article:publisher\" content=\"https:\/\/www.facebook.com\/auschwitzexhibition\/\" \/>\n<meta property=\"article:published_time\" content=\"2016-07-11T09:28:17+00:00\" \/>\n<meta property=\"article:modified_time\" content=\"2017-12-26T14:22:23+00:00\" \/>\n<meta property=\"og:image\" content=\"https:\/\/auschwitz.net\/wp-content\/uploads\/2016\/06\/Captura-de-pantalla-2017-08-31-a-las-9.26.18.png\" \/>\n\t<meta property=\"og:image:width\" content=\"1327\" \/>\n\t<meta property=\"og:image:height\" content=\"851\" \/>\n\t<meta property=\"og:image:type\" content=\"image\/png\" \/>\n<meta name=\"author\" content=\"Musealia\" \/>\n<meta name=\"twitter:card\" content=\"summary_large_image\" \/>\n<meta name=\"twitter:creator\" content=\"@auschwitzxhibit\" \/>\n<meta name=\"twitter:site\" content=\"@auschwitzxhibit\" \/>\n<meta name=\"twitter:label1\" content=\"Escrito por\" \/>\n\t<meta name=\"twitter:data1\" content=\"Musealia\" \/>\n\t<meta name=\"twitter:label2\" content=\"Tiempo de lectura\" \/>\n\t<meta name=\"twitter:data2\" content=\"5 minutos\" \/>\n<script type=\"application\/ld+json\" class=\"yoast-schema-graph\">{\"@context\":\"https:\/\/schema.org\",\"@graph\":[{\"@type\":\"Article\",\"@id\":\"https:\/\/auschwitz.net\/es\/nueva-exposicion-auschwitz\/#article\",\"isPartOf\":{\"@id\":\"https:\/\/auschwitz.net\/es\/nueva-exposicion-auschwitz\/\"},\"author\":{\"name\":\"Musealia\",\"@id\":\"https:\/\/auschwitz.net\/#\/schema\/person\/2458a9330ddc0585689f9c479d87ce01\"},\"headline\":\"Auschwitz, una nueva exposici\u00f3n internacional\",\"datePublished\":\"2016-07-11T09:28:17+00:00\",\"dateModified\":\"2017-12-26T14:22:23+00:00\",\"mainEntityOfPage\":{\"@id\":\"https:\/\/auschwitz.net\/es\/nueva-exposicion-auschwitz\/\"},\"wordCount\":934,\"commentCount\":8,\"image\":{\"@id\":\"https:\/\/auschwitz.net\/es\/nueva-exposicion-auschwitz\/#primaryimage\"},\"thumbnailUrl\":\"https:\/\/auschwitz.net\/wp-content\/uploads\/2016\/06\/Captura-de-pantalla-2017-08-31-a-las-9.26.18.png\",\"articleSection\":[\"Notas de prensa\"],\"inLanguage\":\"es\",\"potentialAction\":[{\"@type\":\"CommentAction\",\"name\":\"Comment\",\"target\":[\"https:\/\/auschwitz.net\/es\/nueva-exposicion-auschwitz\/#respond\"]}]},{\"@type\":\"WebPage\",\"@id\":\"https:\/\/auschwitz.net\/es\/nueva-exposicion-auschwitz\/\",\"url\":\"https:\/\/auschwitz.net\/es\/nueva-exposicion-auschwitz\/\",\"name\":\"Auschwitz, una nueva exposici\u00f3n internacional - Auschwitz\",\"isPartOf\":{\"@id\":\"https:\/\/auschwitz.net\/#website\"},\"primaryImageOfPage\":{\"@id\":\"https:\/\/auschwitz.net\/es\/nueva-exposicion-auschwitz\/#primaryimage\"},\"image\":{\"@id\":\"https:\/\/auschwitz.net\/es\/nueva-exposicion-auschwitz\/#primaryimage\"},\"thumbnailUrl\":\"https:\/\/auschwitz.net\/wp-content\/uploads\/2016\/06\/Captura-de-pantalla-2017-08-31-a-las-9.26.18.png\",\"datePublished\":\"2016-07-11T09:28:17+00:00\",\"dateModified\":\"2017-12-26T14:22:23+00:00\",\"author\":{\"@id\":\"https:\/\/auschwitz.net\/#\/schema\/person\/2458a9330ddc0585689f9c479d87ce01\"},\"breadcrumb\":{\"@id\":\"https:\/\/auschwitz.net\/es\/nueva-exposicion-auschwitz\/#breadcrumb\"},\"inLanguage\":\"es\",\"potentialAction\":[{\"@type\":\"ReadAction\",\"target\":[\"https:\/\/auschwitz.net\/es\/nueva-exposicion-auschwitz\/\"]}]},{\"@type\":\"ImageObject\",\"inLanguage\":\"es\",\"@id\":\"https:\/\/auschwitz.net\/es\/nueva-exposicion-auschwitz\/#primaryimage\",\"url\":\"https:\/\/auschwitz.net\/wp-content\/uploads\/2016\/06\/Captura-de-pantalla-2017-08-31-a-las-9.26.18.png\",\"contentUrl\":\"https:\/\/auschwitz.net\/wp-content\/uploads\/2016\/06\/Captura-de-pantalla-2017-08-31-a-las-9.26.18.png\",\"width\":1327,\"height\":851,\"caption\":\"Caja de madera\"},{\"@type\":\"BreadcrumbList\",\"@id\":\"https:\/\/auschwitz.net\/es\/nueva-exposicion-auschwitz\/#breadcrumb\",\"itemListElement\":[{\"@type\":\"ListItem\",\"position\":1,\"name\":\"Portada\",\"item\":\"https:\/\/auschwitz.net\/es\/?page_id=17381\"},{\"@type\":\"ListItem\",\"position\":2,\"name\":\"Auschwitz, una nueva exposici\u00f3n internacional\"}]},{\"@type\":\"WebSite\",\"@id\":\"https:\/\/auschwitz.net\/#website\",\"url\":\"https:\/\/auschwitz.net\/\",\"name\":\"Auschwitz\",\"description\":\"Exposici\u00f3n Auschwitz, en Madrid hasta el 16 de junio de 2018. Una emotiva y rigurosa muestra sobre el mayor campo nazi alem\u00e1n, con m\u00e1s de 600 objetos originales.\",\"potentialAction\":[{\"@type\":\"SearchAction\",\"target\":{\"@type\":\"EntryPoint\",\"urlTemplate\":\"https:\/\/auschwitz.net\/?s={search_term_string}\"},\"query-input\":{\"@type\":\"PropertyValueSpecification\",\"valueRequired\":true,\"valueName\":\"search_term_string\"}}],\"inLanguage\":\"es\"},{\"@type\":\"Person\",\"@id\":\"https:\/\/auschwitz.net\/#\/schema\/person\/2458a9330ddc0585689f9c479d87ce01\",\"name\":\"Musealia\",\"image\":{\"@type\":\"ImageObject\",\"inLanguage\":\"es\",\"@id\":\"https:\/\/auschwitz.net\/#\/schema\/person\/image\/\",\"url\":\"https:\/\/secure.gravatar.com\/avatar\/7d8b98419f55de3904e8054d7372da6f77f5489a57cb94d4d15591b09370b205?s=96&d=mm&r=g\",\"contentUrl\":\"https:\/\/secure.gravatar.com\/avatar\/7d8b98419f55de3904e8054d7372da6f77f5489a57cb94d4d15591b09370b205?s=96&d=mm&r=g\",\"caption\":\"Musealia\"},\"url\":\"https:\/\/auschwitz.net\/es\/author\/musealia\/\"}]}<\/script>\n<!-- \/ Yoast SEO plugin. -->","yoast_head_json":{"title":"Auschwitz, una nueva exposici\u00f3n internacional - Auschwitz","robots":{"index":"index","follow":"follow","max-snippet":"max-snippet:-1","max-image-preview":"max-image-preview:large","max-video-preview":"max-video-preview:-1"},"canonical":"https:\/\/auschwitz.net\/es\/nueva-exposicion-auschwitz\/","og_locale":"es_ES","og_type":"article","og_title":"Auschwitz, una nueva exposici\u00f3n internacional - Auschwitz","og_description":"Por primera vez en la historia, una exposici\u00f3n monogr\u00e1fica mostrar\u00e1 al mundo la historia de Auschwitz y las repercusiones hist\u00f3ricas y humanas del Holocausto, 72 a\u00f1os despu\u00e9s de la liberaci\u00f3n de este campo de concentraci\u00f3n y exterminio de la Alemania nazi.","og_url":"https:\/\/auschwitz.net\/es\/nueva-exposicion-auschwitz\/","og_site_name":"Auschwitz","article_publisher":"https:\/\/www.facebook.com\/auschwitzexhibition\/","article_published_time":"2016-07-11T09:28:17+00:00","article_modified_time":"2017-12-26T14:22:23+00:00","og_image":[{"width":1327,"height":851,"url":"https:\/\/auschwitz.net\/wp-content\/uploads\/2016\/06\/Captura-de-pantalla-2017-08-31-a-las-9.26.18.png","type":"image\/png"}],"author":"Musealia","twitter_card":"summary_large_image","twitter_creator":"@auschwitzxhibit","twitter_site":"@auschwitzxhibit","twitter_misc":{"Escrito por":"Musealia","Tiempo de lectura":"5 minutos"},"schema":{"@context":"https:\/\/schema.org","@graph":[{"@type":"Article","@id":"https:\/\/auschwitz.net\/es\/nueva-exposicion-auschwitz\/#article","isPartOf":{"@id":"https:\/\/auschwitz.net\/es\/nueva-exposicion-auschwitz\/"},"author":{"name":"Musealia","@id":"https:\/\/auschwitz.net\/#\/schema\/person\/2458a9330ddc0585689f9c479d87ce01"},"headline":"Auschwitz, una nueva exposici\u00f3n internacional","datePublished":"2016-07-11T09:28:17+00:00","dateModified":"2017-12-26T14:22:23+00:00","mainEntityOfPage":{"@id":"https:\/\/auschwitz.net\/es\/nueva-exposicion-auschwitz\/"},"wordCount":934,"commentCount":8,"image":{"@id":"https:\/\/auschwitz.net\/es\/nueva-exposicion-auschwitz\/#primaryimage"},"thumbnailUrl":"https:\/\/auschwitz.net\/wp-content\/uploads\/2016\/06\/Captura-de-pantalla-2017-08-31-a-las-9.26.18.png","articleSection":["Notas de prensa"],"inLanguage":"es","potentialAction":[{"@type":"CommentAction","name":"Comment","target":["https:\/\/auschwitz.net\/es\/nueva-exposicion-auschwitz\/#respond"]}]},{"@type":"WebPage","@id":"https:\/\/auschwitz.net\/es\/nueva-exposicion-auschwitz\/","url":"https:\/\/auschwitz.net\/es\/nueva-exposicion-auschwitz\/","name":"Auschwitz, una nueva exposici\u00f3n internacional - Auschwitz","isPartOf":{"@id":"https:\/\/auschwitz.net\/#website"},"primaryImageOfPage":{"@id":"https:\/\/auschwitz.net\/es\/nueva-exposicion-auschwitz\/#primaryimage"},"image":{"@id":"https:\/\/auschwitz.net\/es\/nueva-exposicion-auschwitz\/#primaryimage"},"thumbnailUrl":"https:\/\/auschwitz.net\/wp-content\/uploads\/2016\/06\/Captura-de-pantalla-2017-08-31-a-las-9.26.18.png","datePublished":"2016-07-11T09:28:17+00:00","dateModified":"2017-12-26T14:22:23+00:00","author":{"@id":"https:\/\/auschwitz.net\/#\/schema\/person\/2458a9330ddc0585689f9c479d87ce01"},"breadcrumb":{"@id":"https:\/\/auschwitz.net\/es\/nueva-exposicion-auschwitz\/#breadcrumb"},"inLanguage":"es","potentialAction":[{"@type":"ReadAction","target":["https:\/\/auschwitz.net\/es\/nueva-exposicion-auschwitz\/"]}]},{"@type":"ImageObject","inLanguage":"es","@id":"https:\/\/auschwitz.net\/es\/nueva-exposicion-auschwitz\/#primaryimage","url":"https:\/\/auschwitz.net\/wp-content\/uploads\/2016\/06\/Captura-de-pantalla-2017-08-31-a-las-9.26.18.png","contentUrl":"https:\/\/auschwitz.net\/wp-content\/uploads\/2016\/06\/Captura-de-pantalla-2017-08-31-a-las-9.26.18.png","width":1327,"height":851,"caption":"Caja de madera"},{"@type":"BreadcrumbList","@id":"https:\/\/auschwitz.net\/es\/nueva-exposicion-auschwitz\/#breadcrumb","itemListElement":[{"@type":"ListItem","position":1,"name":"Portada","item":"https:\/\/auschwitz.net\/es\/?page_id=17381"},{"@type":"ListItem","position":2,"name":"Auschwitz, una nueva exposici\u00f3n internacional"}]},{"@type":"WebSite","@id":"https:\/\/auschwitz.net\/#website","url":"https:\/\/auschwitz.net\/","name":"Auschwitz","description":"Exposici\u00f3n Auschwitz, en Madrid hasta el 16 de junio de 2018. Una emotiva y rigurosa muestra sobre el mayor campo nazi alem\u00e1n, con m\u00e1s de 600 objetos originales.","potentialAction":[{"@type":"SearchAction","target":{"@type":"EntryPoint","urlTemplate":"https:\/\/auschwitz.net\/?s={search_term_string}"},"query-input":{"@type":"PropertyValueSpecification","valueRequired":true,"valueName":"search_term_string"}}],"inLanguage":"es"},{"@type":"Person","@id":"https:\/\/auschwitz.net\/#\/schema\/person\/2458a9330ddc0585689f9c479d87ce01","name":"Musealia","image":{"@type":"ImageObject","inLanguage":"es","@id":"https:\/\/auschwitz.net\/#\/schema\/person\/image\/","url":"https:\/\/secure.gravatar.com\/avatar\/7d8b98419f55de3904e8054d7372da6f77f5489a57cb94d4d15591b09370b205?s=96&d=mm&r=g","contentUrl":"https:\/\/secure.gravatar.com\/avatar\/7d8b98419f55de3904e8054d7372da6f77f5489a57cb94d4d15591b09370b205?s=96&d=mm&r=g","caption":"Musealia"},"url":"https:\/\/auschwitz.net\/es\/author\/musealia\/"}]}},"_links":{"self":[{"href":"https:\/\/auschwitz.net\/es\/wp-json\/wp\/v2\/posts\/1314","targetHints":{"allow":["GET"]}}],"collection":[{"href":"https:\/\/auschwitz.net\/es\/wp-json\/wp\/v2\/posts"}],"about":[{"href":"https:\/\/auschwitz.net\/es\/wp-json\/wp\/v2\/types\/post"}],"author":[{"embeddable":true,"href":"https:\/\/auschwitz.net\/es\/wp-json\/wp\/v2\/users\/1"}],"replies":[{"embeddable":true,"href":"https:\/\/auschwitz.net\/es\/wp-json\/wp\/v2\/comments?post=1314"}],"version-history":[{"count":6,"href":"https:\/\/auschwitz.net\/es\/wp-json\/wp\/v2\/posts\/1314\/revisions"}],"predecessor-version":[{"id":9458,"href":"https:\/\/auschwitz.net\/es\/wp-json\/wp\/v2\/posts\/1314\/revisions\/9458"}],"wp:featuredmedia":[{"embeddable":true,"href":"https:\/\/auschwitz.net\/es\/wp-json\/wp\/v2\/media\/6661"}],"wp:attachment":[{"href":"https:\/\/auschwitz.net\/es\/wp-json\/wp\/v2\/media?parent=1314"}],"wp:term":[{"taxonomy":"category","embeddable":true,"href":"https:\/\/auschwitz.net\/es\/wp-json\/wp\/v2\/categories?post=1314"},{"taxonomy":"post_tag","embeddable":true,"href":"https:\/\/auschwitz.net\/es\/wp-json\/wp\/v2\/tags?post=1314"}],"curies":[{"name":"wp","href":"https:\/\/api.w.org\/{rel}","templated":true}]}}