{"id":12443,"date":"2020-05-06T11:41:48","date_gmt":"2020-05-06T09:41:48","guid":{"rendered":"https:\/\/auschwitz.net\/?p=12443"},"modified":"2020-05-07T13:32:34","modified_gmt":"2020-05-07T11:32:34","slug":"premios-europa-nostra-2020","status":"publish","type":"post","link":"https:\/\/auschwitz.net\/es\/premios-europa-nostra-2020\/","title":{"rendered":"\u2018Auschwitz. No hace mucho. No muy lejos\u2019 galardonada en los Premios al Patrimonio Europeo \/ Europa Nostra 2020"},"content":{"rendered":"","protected":false},"excerpt":{"rendered":"<p>La\u00a0Comisi\u00f3n Europea\u00a0y\u00a0Europa Nostra\u00a0han concedido a la exposici\u00f3n \u2018Auschwitz. No hace mucho. No muy lejos\u2019 el Premio Europa Nostra 2020 en la categor\u00eda \u00abEducaci\u00f3n. Formaci\u00f3n y Sensibilizaci\u00f3n\u00bb&#8230;<\/p>\n","protected":false},"author":6,"featured_media":12444,"comment_status":"closed","ping_status":"closed","sticky":false,"template":"","format":"standard","meta":{"footnotes":""},"categories":[3],"tags":[198],"class_list":["post-12443","post","type-post","status-publish","format-standard","has-post-thumbnail","hentry","category-notas-de-prensa","tag-europa-nostra-awards-2020"],"yoast_head":"<!-- This site is optimized with the Yoast SEO plugin v26.8 - https:\/\/yoast.com\/product\/yoast-seo-wordpress\/ -->\n<title>Auschwitz Exhibition Premio Europa Nostra 2020 | Blog<\/title>\n<meta name=\"description\" content=\"La\u00a0Comisi\u00f3n Europea\u00a0y\u00a0Europa Nostra\u00a0han concedido a la exposici\u00f3n \u2018Auschwitz. No hace mucho. No muy lejos\u2019 el Premio Europa Nostra 2020 en la categor\u00eda...\" \/>\n<meta name=\"robots\" content=\"index, follow, max-snippet:-1, max-image-preview:large, max-video-preview:-1\" \/>\n<link rel=\"canonical\" href=\"https:\/\/auschwitz.net\/es\/premios-europa-nostra-2020\/\" \/>\n<meta property=\"og:locale\" content=\"es_ES\" \/>\n<meta property=\"og:type\" content=\"article\" \/>\n<meta property=\"og:title\" content=\"Auschwitz Exhibition Premio Europa Nostra 2020 | Blog\" \/>\n<meta property=\"og:description\" content=\"La\u00a0Comisi\u00f3n Europea\u00a0y\u00a0Europa Nostra\u00a0han concedido a la exposici\u00f3n \u2018Auschwitz. No hace mucho. No muy lejos\u2019 el Premio Europa Nostra 2020 en la categor\u00eda...\" \/>\n<meta property=\"og:url\" content=\"https:\/\/auschwitz.net\/es\/premios-europa-nostra-2020\/\" \/>\n<meta property=\"og:site_name\" content=\"Auschwitz\" \/>\n<meta property=\"article:publisher\" content=\"https:\/\/www.facebook.com\/auschwitzexhibition\/\" \/>\n<meta property=\"article:published_time\" content=\"2020-05-06T09:41:48+00:00\" \/>\n<meta property=\"article:modified_time\" content=\"2020-05-07T11:32:34+00:00\" \/>\n<meta property=\"og:image\" content=\"https:\/\/auschwitz.net\/wp-content\/uploads\/2020\/05\/InmateUniform1-800x391.jpg\" \/>\n\t<meta property=\"og:image:width\" content=\"800\" \/>\n\t<meta property=\"og:image:height\" content=\"391\" \/>\n\t<meta property=\"og:image:type\" content=\"image\/jpeg\" \/>\n<meta name=\"author\" content=\"Auschwitz Exhibition\" \/>\n<meta name=\"twitter:card\" content=\"summary_large_image\" \/>\n<meta name=\"twitter:creator\" content=\"@auschwitzxhibit\" \/>\n<meta name=\"twitter:site\" content=\"@auschwitzxhibit\" \/>\n<meta name=\"twitter:label1\" content=\"Escrito por\" \/>\n\t<meta name=\"twitter:data1\" content=\"Auschwitz Exhibition\" \/>\n<script type=\"application\/ld+json\" class=\"yoast-schema-graph\">{\"@context\":\"https:\/\/schema.org\",\"@graph\":[{\"@type\":\"Article\",\"@id\":\"https:\/\/auschwitz.net\/es\/premios-europa-nostra-2020\/#article\",\"isPartOf\":{\"@id\":\"https:\/\/auschwitz.net\/es\/premios-europa-nostra-2020\/\"},\"author\":{\"name\":\"Auschwitz Exhibition\",\"@id\":\"https:\/\/auschwitz.net\/#\/schema\/person\/254b9fa5e9e47d8fc7cbf924240e9735\"},\"headline\":\"\u2018Auschwitz. No hace mucho. No muy lejos\u2019 galardonada en los Premios al Patrimonio Europeo \/ Europa Nostra 2020\",\"datePublished\":\"2020-05-06T09:41:48+00:00\",\"dateModified\":\"2020-05-07T11:32:34+00:00\",\"mainEntityOfPage\":{\"@id\":\"https:\/\/auschwitz.net\/es\/premios-europa-nostra-2020\/\"},\"wordCount\":16,\"image\":{\"@id\":\"https:\/\/auschwitz.net\/es\/premios-europa-nostra-2020\/#primaryimage\"},\"thumbnailUrl\":\"https:\/\/auschwitz.net\/wp-content\/uploads\/2020\/05\/InmateUniform1-800x391.jpg\",\"keywords\":[\"Europa Nostra Awards 2020\"],\"articleSection\":[\"Notas de prensa\"],\"inLanguage\":\"es\"},{\"@type\":\"WebPage\",\"@id\":\"https:\/\/auschwitz.net\/es\/premios-europa-nostra-2020\/\",\"url\":\"https:\/\/auschwitz.net\/es\/premios-europa-nostra-2020\/\",\"name\":\"Auschwitz Exhibition Premio Europa Nostra 2020 | Blog\",\"isPartOf\":{\"@id\":\"https:\/\/auschwitz.net\/#website\"},\"primaryImageOfPage\":{\"@id\":\"https:\/\/auschwitz.net\/es\/premios-europa-nostra-2020\/#primaryimage\"},\"image\":{\"@id\":\"https:\/\/auschwitz.net\/es\/premios-europa-nostra-2020\/#primaryimage\"},\"thumbnailUrl\":\"https:\/\/auschwitz.net\/wp-content\/uploads\/2020\/05\/InmateUniform1-800x391.jpg\",\"datePublished\":\"2020-05-06T09:41:48+00:00\",\"dateModified\":\"2020-05-07T11:32:34+00:00\",\"author\":{\"@id\":\"https:\/\/auschwitz.net\/#\/schema\/person\/254b9fa5e9e47d8fc7cbf924240e9735\"},\"description\":\"La\u00a0Comisi\u00f3n Europea\u00a0y\u00a0Europa Nostra\u00a0han concedido a la exposici\u00f3n \u2018Auschwitz. No hace mucho. No muy lejos\u2019 el Premio Europa Nostra 2020 en la categor\u00eda...\",\"breadcrumb\":{\"@id\":\"https:\/\/auschwitz.net\/es\/premios-europa-nostra-2020\/#breadcrumb\"},\"inLanguage\":\"es\",\"potentialAction\":[{\"@type\":\"ReadAction\",\"target\":[\"https:\/\/auschwitz.net\/es\/premios-europa-nostra-2020\/\"]}]},{\"@type\":\"ImageObject\",\"inLanguage\":\"es\",\"@id\":\"https:\/\/auschwitz.net\/es\/premios-europa-nostra-2020\/#primaryimage\",\"url\":\"https:\/\/auschwitz.net\/wp-content\/uploads\/2020\/05\/InmateUniform1-800x391.jpg\",\"contentUrl\":\"https:\/\/auschwitz.net\/wp-content\/uploads\/2020\/05\/InmateUniform1-800x391.jpg\",\"width\":800,\"height\":391},{\"@type\":\"BreadcrumbList\",\"@id\":\"https:\/\/auschwitz.net\/es\/premios-europa-nostra-2020\/#breadcrumb\",\"itemListElement\":[{\"@type\":\"ListItem\",\"position\":1,\"name\":\"Portada\",\"item\":\"https:\/\/auschwitz.net\/es\/?page_id=17381\"},{\"@type\":\"ListItem\",\"position\":2,\"name\":\"\u2018Auschwitz. No hace mucho. No muy lejos\u2019 galardonada en los Premios al Patrimonio Europeo \/ Europa Nostra 2020\"}]},{\"@type\":\"WebSite\",\"@id\":\"https:\/\/auschwitz.net\/#website\",\"url\":\"https:\/\/auschwitz.net\/\",\"name\":\"Auschwitz\",\"description\":\"Exposici\u00f3n Auschwitz, en Madrid hasta el 16 de junio de 2018. Una emotiva y rigurosa muestra sobre el mayor campo nazi alem\u00e1n, con m\u00e1s de 600 objetos originales.\",\"potentialAction\":[{\"@type\":\"SearchAction\",\"target\":{\"@type\":\"EntryPoint\",\"urlTemplate\":\"https:\/\/auschwitz.net\/?s={search_term_string}\"},\"query-input\":{\"@type\":\"PropertyValueSpecification\",\"valueRequired\":true,\"valueName\":\"search_term_string\"}}],\"inLanguage\":\"es\"},{\"@type\":\"Person\",\"@id\":\"https:\/\/auschwitz.net\/#\/schema\/person\/254b9fa5e9e47d8fc7cbf924240e9735\",\"name\":\"Auschwitz Exhibition\",\"image\":{\"@type\":\"ImageObject\",\"inLanguage\":\"es\",\"@id\":\"https:\/\/auschwitz.net\/#\/schema\/person\/image\/\",\"url\":\"https:\/\/secure.gravatar.com\/avatar\/b7fb7508f7906607487424635cc60d2d0859f0482242a09fbd0fcbfd88570f79?s=96&d=mm&r=g\",\"contentUrl\":\"https:\/\/secure.gravatar.com\/avatar\/b7fb7508f7906607487424635cc60d2d0859f0482242a09fbd0fcbfd88570f79?s=96&d=mm&r=g\",\"caption\":\"Auschwitz Exhibition\"},\"url\":\"https:\/\/auschwitz.net\/es\/author\/irene\/\"}]}<\/script>\n<!-- \/ Yoast SEO plugin. -->","yoast_head_json":{"title":"Auschwitz Exhibition Premio Europa Nostra 2020 | Blog","description":"La\u00a0Comisi\u00f3n Europea\u00a0y\u00a0Europa Nostra\u00a0han concedido a la exposici\u00f3n \u2018Auschwitz. No hace mucho. No muy lejos\u2019 el Premio Europa Nostra 2020 en la categor\u00eda...","robots":{"index":"index","follow":"follow","max-snippet":"max-snippet:-1","max-image-preview":"max-image-preview:large","max-video-preview":"max-video-preview:-1"},"canonical":"https:\/\/auschwitz.net\/es\/premios-europa-nostra-2020\/","og_locale":"es_ES","og_type":"article","og_title":"Auschwitz Exhibition Premio Europa Nostra 2020 | Blog","og_description":"La\u00a0Comisi\u00f3n Europea\u00a0y\u00a0Europa Nostra\u00a0han concedido a la exposici\u00f3n \u2018Auschwitz. No hace mucho. No muy lejos\u2019 el Premio Europa Nostra 2020 en la categor\u00eda...","og_url":"https:\/\/auschwitz.net\/es\/premios-europa-nostra-2020\/","og_site_name":"Auschwitz","article_publisher":"https:\/\/www.facebook.com\/auschwitzexhibition\/","article_published_time":"2020-05-06T09:41:48+00:00","article_modified_time":"2020-05-07T11:32:34+00:00","og_image":[{"width":800,"height":391,"url":"https:\/\/auschwitz.net\/wp-content\/uploads\/2020\/05\/InmateUniform1-800x391.jpg","type":"image\/jpeg"}],"author":"Auschwitz Exhibition","twitter_card":"summary_large_image","twitter_creator":"@auschwitzxhibit","twitter_site":"@auschwitzxhibit","twitter_misc":{"Escrito por":"Auschwitz Exhibition"},"schema":{"@context":"https:\/\/schema.org","@graph":[{"@type":"Article","@id":"https:\/\/auschwitz.net\/es\/premios-europa-nostra-2020\/#article","isPartOf":{"@id":"https:\/\/auschwitz.net\/es\/premios-europa-nostra-2020\/"},"author":{"name":"Auschwitz Exhibition","@id":"https:\/\/auschwitz.net\/#\/schema\/person\/254b9fa5e9e47d8fc7cbf924240e9735"},"headline":"\u2018Auschwitz. No hace mucho. No muy lejos\u2019 galardonada en los Premios al Patrimonio Europeo \/ Europa Nostra 2020","datePublished":"2020-05-06T09:41:48+00:00","dateModified":"2020-05-07T11:32:34+00:00","mainEntityOfPage":{"@id":"https:\/\/auschwitz.net\/es\/premios-europa-nostra-2020\/"},"wordCount":16,"image":{"@id":"https:\/\/auschwitz.net\/es\/premios-europa-nostra-2020\/#primaryimage"},"thumbnailUrl":"https:\/\/auschwitz.net\/wp-content\/uploads\/2020\/05\/InmateUniform1-800x391.jpg","keywords":["Europa Nostra Awards 2020"],"articleSection":["Notas de prensa"],"inLanguage":"es"},{"@type":"WebPage","@id":"https:\/\/auschwitz.net\/es\/premios-europa-nostra-2020\/","url":"https:\/\/auschwitz.net\/es\/premios-europa-nostra-2020\/","name":"Auschwitz Exhibition Premio Europa Nostra 2020 | Blog","isPartOf":{"@id":"https:\/\/auschwitz.net\/#website"},"primaryImageOfPage":{"@id":"https:\/\/auschwitz.net\/es\/premios-europa-nostra-2020\/#primaryimage"},"image":{"@id":"https:\/\/auschwitz.net\/es\/premios-europa-nostra-2020\/#primaryimage"},"thumbnailUrl":"https:\/\/auschwitz.net\/wp-content\/uploads\/2020\/05\/InmateUniform1-800x391.jpg","datePublished":"2020-05-06T09:41:48+00:00","dateModified":"2020-05-07T11:32:34+00:00","author":{"@id":"https:\/\/auschwitz.net\/#\/schema\/person\/254b9fa5e9e47d8fc7cbf924240e9735"},"description":"La\u00a0Comisi\u00f3n Europea\u00a0y\u00a0Europa Nostra\u00a0han concedido a la exposici\u00f3n \u2018Auschwitz. No hace mucho. No muy lejos\u2019 el Premio Europa Nostra 2020 en la categor\u00eda...","breadcrumb":{"@id":"https:\/\/auschwitz.net\/es\/premios-europa-nostra-2020\/#breadcrumb"},"inLanguage":"es","potentialAction":[{"@type":"ReadAction","target":["https:\/\/auschwitz.net\/es\/premios-europa-nostra-2020\/"]}]},{"@type":"ImageObject","inLanguage":"es","@id":"https:\/\/auschwitz.net\/es\/premios-europa-nostra-2020\/#primaryimage","url":"https:\/\/auschwitz.net\/wp-content\/uploads\/2020\/05\/InmateUniform1-800x391.jpg","contentUrl":"https:\/\/auschwitz.net\/wp-content\/uploads\/2020\/05\/InmateUniform1-800x391.jpg","width":800,"height":391},{"@type":"BreadcrumbList","@id":"https:\/\/auschwitz.net\/es\/premios-europa-nostra-2020\/#breadcrumb","itemListElement":[{"@type":"ListItem","position":1,"name":"Portada","item":"https:\/\/auschwitz.net\/es\/?page_id=17381"},{"@type":"ListItem","position":2,"name":"\u2018Auschwitz. No hace mucho. No muy lejos\u2019 galardonada en los Premios al Patrimonio Europeo \/ Europa Nostra 2020"}]},{"@type":"WebSite","@id":"https:\/\/auschwitz.net\/#website","url":"https:\/\/auschwitz.net\/","name":"Auschwitz","description":"Exposici\u00f3n Auschwitz, en Madrid hasta el 16 de junio de 2018. Una emotiva y rigurosa muestra sobre el mayor campo nazi alem\u00e1n, con m\u00e1s de 600 objetos originales.","potentialAction":[{"@type":"SearchAction","target":{"@type":"EntryPoint","urlTemplate":"https:\/\/auschwitz.net\/?s={search_term_string}"},"query-input":{"@type":"PropertyValueSpecification","valueRequired":true,"valueName":"search_term_string"}}],"inLanguage":"es"},{"@type":"Person","@id":"https:\/\/auschwitz.net\/#\/schema\/person\/254b9fa5e9e47d8fc7cbf924240e9735","name":"Auschwitz Exhibition","image":{"@type":"ImageObject","inLanguage":"es","@id":"https:\/\/auschwitz.net\/#\/schema\/person\/image\/","url":"https:\/\/secure.gravatar.com\/avatar\/b7fb7508f7906607487424635cc60d2d0859f0482242a09fbd0fcbfd88570f79?s=96&d=mm&r=g","contentUrl":"https:\/\/secure.gravatar.com\/avatar\/b7fb7508f7906607487424635cc60d2d0859f0482242a09fbd0fcbfd88570f79?s=96&d=mm&r=g","caption":"Auschwitz Exhibition"},"url":"https:\/\/auschwitz.net\/es\/author\/irene\/"}]}},"_links":{"self":[{"href":"https:\/\/auschwitz.net\/es\/wp-json\/wp\/v2\/posts\/12443","targetHints":{"allow":["GET"]}}],"collection":[{"href":"https:\/\/auschwitz.net\/es\/wp-json\/wp\/v2\/posts"}],"about":[{"href":"https:\/\/auschwitz.net\/es\/wp-json\/wp\/v2\/types\/post"}],"author":[{"embeddable":true,"href":"https:\/\/auschwitz.net\/es\/wp-json\/wp\/v2\/users\/6"}],"replies":[{"embeddable":true,"href":"https:\/\/auschwitz.net\/es\/wp-json\/wp\/v2\/comments?post=12443"}],"version-history":[{"count":5,"href":"https:\/\/auschwitz.net\/es\/wp-json\/wp\/v2\/posts\/12443\/revisions"}],"predecessor-version":[{"id":12476,"href":"https:\/\/auschwitz.net\/es\/wp-json\/wp\/v2\/posts\/12443\/revisions\/12476"}],"wp:featuredmedia":[{"embeddable":true,"href":"https:\/\/auschwitz.net\/es\/wp-json\/wp\/v2\/media\/12444"}],"wp:attachment":[{"href":"https:\/\/auschwitz.net\/es\/wp-json\/wp\/v2\/media?parent=12443"}],"wp:term":[{"taxonomy":"category","embeddable":true,"href":"https:\/\/auschwitz.net\/es\/wp-json\/wp\/v2\/categories?post=12443"},{"taxonomy":"post_tag","embeddable":true,"href":"https:\/\/auschwitz.net\/es\/wp-json\/wp\/v2\/tags?post=12443"}],"curies":[{"name":"wp","href":"https:\/\/api.w.org\/{rel}","templated":true}]}}