{"id":12109,"date":"2019-08-19T14:14:53","date_gmt":"2019-08-19T12:14:53","guid":{"rendered":"https:\/\/auschwitz.net\/?p=12109"},"modified":"2019-08-19T14:20:18","modified_gmt":"2019-08-19T12:20:18","slug":"libros-esenciales-sobre-holocausto","status":"publish","type":"post","link":"https:\/\/auschwitz.net\/es\/libros-esenciales-sobre-holocausto\/","title":{"rendered":"Lecturas Contra el Olvido: 13 Libros Imprescindibles Sobre el Holocausto"},"content":{"rendered":"<h3>Lecturas contra el olvido: 13 libros imprescindibles sobre el Holocausto<\/h3>\n<p>Millones de personas fueron asesinadas durante el regimen Nazi 1939-1945 en Europa. Solo el n\u00famero de v\u00edctimas de origen jud\u00edo suma aproximadamente 6 millones, <strong>m\u00e1s de 3,7 veces la problaci\u00f3n de Manhattan<\/strong>.<\/p>\n<p>Sucedi\u00f3 no hace mucho y no muy lejos. Sin embargo, seg\u00fan <a href=\"http:\/\/www.claimscon.org\/wp-content\/uploads\/2018\/04\/Holocaust-Knowledge-Awareness-Study_Executive-Summary-2018.pdf\">un estudio<\/a> reciente realizado por <a href=\"http:\/\/schoenconsulting.com\">Schoen Consulting<\/a> en Estados Unidos, el <strong>desconocimiento sobre el Holocausto<\/strong>, uno de los episodios m\u00e1s significativos de la historia reciente europea, es cada vez m\u00e1s evidente.<span class=\"Apple-converted-space\">\u00a0<\/span><\/p>\n<p>M\u00e1s del 40 % de los estadounidenses (un porcentaje que aumenta entre la poblaci\u00f3n m\u00e1s joven) desconoce o da respuestas incorrectas de\u00a0qu\u00e9 sucedi\u00f3 en Auschwitz, <strong>el mayor y m\u00e1s letal campo nazi alem\u00e1n<\/strong> donde <strong>1.100.000<\/strong> ni\u00f1os, mujeres y hombres se encontraron con la muerte y tan solo algunos vivieron para contarlo.<span class=\"Apple-converted-space\">\u00a0<\/span><\/p>\n<p>Ahora que el paso del tiempo apaga las voces de los\u00a0\u00faltimos supervivientes del Holocausto, resulta m\u00e1s necesario que nunca\u00a0avivar\u00a0el recuerdo de los testigos de <strong>uno de los mayores cr\u00edmenes<\/strong> jam\u00e1s cometidos en Europa.<span class=\"Apple-converted-space\">\u00a0<\/span><\/p>\n<p>El Dr. Piotr Setkiewicz, director del centro de investigaci\u00f3n del <a href=\"http:\/\/www.auschwitz.org\/\">Museo Estatal de Auschwitz-Birkenau<\/a>, destaca <strong>13 lecturas imprescindibles<\/strong> para contribuir en en la lucha<strong>\u00a0contra el olvido<\/strong> y crear conciencia del peligro de los l\u00edmites de la <strong>crueldad humana<\/strong> y el germen de lo que desencaden\u00f3 en estos largos a\u00f1os del siglo XX.<\/p>\n<p>Nombres como <strong>Charlotte Delbo<\/strong>, <strong>Primo Levi<\/strong> o <strong>Witold Pilecki<\/strong> creyeron en la importancia, o la necesidad, de dejar constancia de lo que sucedi\u00f3 tras las alambradas de los campos de concentraci\u00f3n nazis alemanes:<\/p>\n<h6><b>Tadeusz Borowski \u2013 \u201cNuestro hogar es Auschwitz\u201d (1946)<\/b><\/h6>\n<p>Escrito en la inmediata posguerra, el relato de car\u00e1cter documental de Tadeusz Borowski describe episodios cotidianos de la vida en los campos de concentraci\u00f3n de Auschwitz y Dachau: la llegada de trenes repletos de gente, la selecci\u00f3n de los prisioneros, las c\u00e1maras de gas y la normalizaci\u00f3n de la brutalidad son algunos de los aspectos que abarca el autor.<\/p>\n<p>&nbsp;<\/p>\n<p><img loading=\"lazy\" decoding=\"async\" class=\"size-medium wp-image-12198 aligncenter\" src=\"https:\/\/auschwitz.net\/wp-content\/uploads\/2019\/08\/this-way-for-the-gas-184x300.jpg\" alt=\"\" width=\"184\" height=\"300\" srcset=\"https:\/\/auschwitz.net\/wp-content\/uploads\/2019\/08\/this-way-for-the-gas-184x300.jpg 184w, https:\/\/auschwitz.net\/wp-content\/uploads\/2019\/08\/this-way-for-the-gas.jpg 571w\" sizes=\"auto, (max-width: 184px) 100vw, 184px\" \/><\/p>\n<p>&nbsp;<\/p>\n<h6><b>Halina Birenbaum \u2013 \u201cLa esperanza es la ultima en morir: Un viaje al pasado\u201d (1967)<\/b><\/h6>\n<p>Basado en las propias vivencias de la autora entre los a\u00f1os 1939-1945, el testimonio de Halina Birenbaum narra la historia de su infancia viviendo en el Gueto de Varsovia y su posterior deportaci\u00f3n, prisi\u00f3n y supervivencia en los campos de Majdanek, Auschwitz, Revensbruck y Neustadt-Glewe.<\/p>\n<h6><b>Charlotte Delbo \u2013 \u201cAuschwitz y Despu\u00e9s\u201d (1985)<\/b><\/h6>\n<p>La escritora francesa Charlotte Delbo fue detenida y encarcelada en 1942 por formar parte de la resistencia. En 1943 fue deportada a Auschwitz y al a\u00f1o trasladada al campo de Ravensbr\u00fcck de donde ser\u00eda liberada a finales de 1944. En su trilog\u00eda \u2018Auschwitz y despu\u00e9s\u2019 los poemas, vi\u00f1etas y textos de Delbo relatan sus experiencias durante y tras sus a\u00f1os de reclusi\u00f3n en Auschwitz.<\/p>\n<p>&nbsp;<\/p>\n<p><img loading=\"lazy\" decoding=\"async\" class=\"size-medium wp-image-12190 aligncenter\" src=\"https:\/\/auschwitz.net\/wp-content\/uploads\/2019\/08\/414EpCMAIJL._SX329_BO1204203200_-199x300.jpg\" alt=\"\" width=\"199\" height=\"300\" srcset=\"https:\/\/auschwitz.net\/wp-content\/uploads\/2019\/08\/414EpCMAIJL._SX329_BO1204203200_-199x300.jpg 199w, https:\/\/auschwitz.net\/wp-content\/uploads\/2019\/08\/414EpCMAIJL._SX329_BO1204203200_.jpg 331w\" sizes=\"auto, (max-width: 199px) 100vw, 199px\" \/><\/p>\n<p>&nbsp;<\/p>\n<h6><b>Viktor E. Frankl \u2013 \u201cEl Hombre en busca de sentido\u201d (1946)<\/b><\/h6>\n<p>El psiquiatra austr\u00edaco Viktor Frankl desarrolla en esta novela el m\u00e9todo psicoterap\u00e9utico conocido como \u2018logoterapia\u2019, que gira en torno al sentido de la existencia y la b\u00fasqueda de ese sentido por parte del hombre. Frankl reflexiona sobre la capacidad humana de afrontar las dificultades y descubrir una verdad profunda que orienta y da sentido a la vida, bas\u00e1ndose en su propia experiencia y la de sus pacientes como prisioneros de campos de concentraci\u00f3n.<\/p>\n<h6><b>Imre Kert\u00e9sz \u2013 \u201cSin destino\u201d (1975)<\/b><\/h6>\n<p>El Premio Nobel de Literatura (2002)<b> <\/b>Imre<b> <\/b>Kert\u00e9sz escribi\u00f3 est\u00e1 novela reflejando su propia experiencia como prisionero de Auschwitz y Buchenwald en el joven personaje h\u00fangaro, Georg Koves, deportado con 14 a\u00f1os de Budapest a Auschwitz. La novela de Kert\u00e9sz es una muestra de la realidad de los campos de exterminio en su inhumana cotidianidad.<\/p>\n<p>&nbsp;<\/p>\n<p><img loading=\"lazy\" decoding=\"async\" class=\"size-medium wp-image-12186 aligncenter\" src=\"https:\/\/auschwitz.net\/wp-content\/uploads\/2019\/08\/61EPwmWszJL-194x300.jpg\" alt=\"\" width=\"194\" height=\"300\" srcset=\"https:\/\/auschwitz.net\/wp-content\/uploads\/2019\/08\/61EPwmWszJL-194x300.jpg 194w, https:\/\/auschwitz.net\/wp-content\/uploads\/2019\/08\/61EPwmWszJL-768x1186.jpg 768w, https:\/\/auschwitz.net\/wp-content\/uploads\/2019\/08\/61EPwmWszJL-663x1024.jpg 663w, https:\/\/auschwitz.net\/wp-content\/uploads\/2019\/08\/61EPwmWszJL.jpg 778w\" sizes=\"auto, (max-width: 194px) 100vw, 194px\" \/><\/p>\n<p>&nbsp;<\/p>\n<h6><b>Rena Kornreich Gelissen \u2013 \u201cLa promesa de Rena: Una historia de hermanas en Auschwitz\u201d (1995)<\/b><\/h6>\n<p>Rena lleg\u00f3 a Auschwitz en el primer transporte de mujeres jud\u00edas en el a\u00f1o 1942. A los d\u00edas de su llegada, su hermana Danka ingres\u00f3 tambi\u00e9n como prisionera. La historia de Rena se basa en la lucha por la supervivencia de estas hermanas durante m\u00e1s de tres a\u00f1os, para cumplir con la promesa que Rena le hizo a su madre justo antes de que la familia se separara: mantener a salvo a su hermana.<\/p>\n<h6><b>Primo Levi \u2013 \u201cSi esto es un hombre\u201d (Trilog\u00eda de Auschwitz) (1959)<\/b><\/h6>\n<p>La primera parte de la Trilog\u00eda de Auschwitz es el relato de Primo Levi sobre el d\u00eda a d\u00eda del autor y sus compa\u00f1eros como prisioneros en Auschwitz. La historia de Levi muestra los l\u00edmites de la entereza del autor, que consigue sobrevivir a pesar de ser testigo y v\u00edctima de la crueldad sistem\u00e1tica a la que estuvo condenado durante su prisi\u00f3n en el campo de concentraci\u00f3n alem\u00e1n.<\/p>\n<h6><b>Primo Levi \u2013 \u201cLa Tregua\u201d (1963<\/b>)<\/h6>\n<p>En la secuela de la <em>&#8216;Si esto es un hombre&#8217;<\/em> (1959), Primo Levi narra la historia del largo viaje de vuelta a Italia, su hogar, tras la liberaci\u00f3n de Auschwitz en enero de 1945. Levi recorre una Europa de ciudades bombardeadas y campos de tr\u00e1nsito donde describe las historias de otros prisioneros y soldados Rusos que conoce por el camino.<\/p>\n<p>&nbsp;<\/p>\n<p style=\"text-align: center;\"><img loading=\"lazy\" decoding=\"async\" class=\"alignnone size-medium wp-image-12188\" src=\"https:\/\/auschwitz.net\/wp-content\/uploads\/2019\/08\/91O6bZSzBsL-188x300.jpg\" alt=\"\" width=\"188\" height=\"300\" srcset=\"https:\/\/auschwitz.net\/wp-content\/uploads\/2019\/08\/91O6bZSzBsL-188x300.jpg 188w, https:\/\/auschwitz.net\/wp-content\/uploads\/2019\/08\/91O6bZSzBsL-768x1226.jpg 768w, https:\/\/auschwitz.net\/wp-content\/uploads\/2019\/08\/91O6bZSzBsL-642x1024.jpg 642w, https:\/\/auschwitz.net\/wp-content\/uploads\/2019\/08\/91O6bZSzBsL.jpg 1445w\" sizes=\"auto, (max-width: 188px) 100vw, 188px\" \/><\/p>\n<p>&nbsp;<\/p>\n<h6><b>Witold Pilecki \u2013 \u201cInforme de Witold\u201d (1943)<\/b><\/h6>\n<p>En 1940, Witold Pilecki, miembro de la resistencia polaca durante el Holocausto, ingres\u00f3 voluntariamente en Auschwitz para proporcionar informaci\u00f3n al gobierno de Polonia en exhilio de lo que suced\u00eda entre las verjas del campo nazi alem\u00e1n. Tras casi tres a\u00f1os infiltrado, Witold consigui\u00f3 escapar de Auschwitz en 1943 y escribi\u00f3 este detallado y extenso documento que hoy en d\u00eda se conoce como el \u201cInforme de Witold\u201d. Es el primer documento que describe al detalle las condiciones de Auschwitz y los asesinatos en masa en las c\u00e1maras de gas. Los aliados recibieron este documento, pero no le dieron importancia.<\/p>\n<h6><b>Seweryna Szmaglewska \u2013 \u201cUna mujer en Birkenau\u201d (1945)<\/b><\/h6>\n<p>Seweryna Szmaglewska fue deportada a Auschwitz en 1942 por formar parte de la resistencia. Tras tres a\u00f1os en Birkenau, en enero de 1945 consigui\u00f3 huir de un transporte de evacuaci\u00f3n del campo e inmediatamente comenz\u00f3 a escribir este libro. Considerada la primera declaraci\u00f3n sobre Auschwitz-Birkenau, el libro de Szmaglewska fue utilizado como prueba en los juicios de Nuremberg en 1946, y la autora llamada a declarar.<\/p>\n<h6><b>Elie Wiesel \u2013 \u201cLa Noche\u201d (1956)<\/b><\/h6>\n<p>Elie Wiesel era tan solo un adolescente cuando, en 1944, \u00e9l y su familia fueron deportados de su Sighet natal en Transylvania, para ser enviados a Auschwitz y posteriormente a Buchenwald.\u00a0<i>La Noche<\/i> narra las memorias de Elie Wiesel sobre la muerte de su familia, su inocencia y su papel como testigo de los horrores del Holocausto.<\/p>\n<p>&nbsp;<\/p>\n<p><img loading=\"lazy\" decoding=\"async\" class=\"alignnone size-medium wp-image-12196 aligncenter\" src=\"https:\/\/auschwitz.net\/wp-content\/uploads\/2019\/08\/images-195x300.jpeg\" alt=\"\" width=\"195\" height=\"300\" srcset=\"https:\/\/auschwitz.net\/wp-content\/uploads\/2019\/08\/images-195x300.jpeg 195w, https:\/\/auschwitz.net\/wp-content\/uploads\/2019\/08\/images.jpeg 422w\" sizes=\"auto, (max-width: 195px) 100vw, 195px\" \/><\/p>\n<p>&nbsp;<\/p>\n<h6><b>\u201cAmidst a Nightmare of Crime\u201d (Manuscritos de los Prisioneros del Crematorio encontrados en <\/b><\/h6>\n<h6><b>Auschwitz) (1973)<\/b><\/h6>\n<p>En el crematorio de Auschwitz-Birkenau se encontraron enterrados numerosos manuscritos de los prisioneros que trabajaban en el crematorio. El conjunto de estos manuscritos componen este escrito que revela los planes de organizaci\u00f3n de una revuelta fallida y el prop\u00f3sito de los prisioneros de dejar constancia y comunicar al exterior las atrocidades que estaban viviendo en Auschwitz.<\/p>\n<h6><a href=\"https:\/\/amzn.to\/32yMiJR\"><b>Robert Jan van Pelt, Miriam Greenbaum, Luis Ferreiro \u2013\u201cAuschwitz. Not Long Ago. Not Far Away\u201d (2019)<\/b><\/a><\/h6>\n<p>El cat\u00e1logo oficial de <strong>Auschwitz. No hace mucho. No muy lejos,<\/strong> la primera exposici\u00f3n itinerante sobre el campo de concentraci\u00f3n Auschwitz<i>,<\/i> coproducida por <a href=\"http:\/\/www.musealia.net\"><strong>Musealia<\/strong><\/a> y el <strong><a href=\"http:\/\/www.auschwitz.org\">Museo Estatal de Auschwitz-Birkenau<\/a><\/strong>, recoge en sus p\u00e1ginas la historia del mayor y m\u00e1s letal campo de concentraci\u00f3n nazi alem\u00e1n donde m\u00e1s de 1.1 millones de personas \u2013en su mayor\u00eda jud\u00edos, pero tambi\u00e9n polacos, roman\u00edes y otros grupos de v\u00edctimas no jud\u00edas\u2013 perdieron la vida.<\/p>\n<p>El cat\u00e1logo ilustra m\u00e1s de <strong>280 objetos e im\u00e1genes<\/strong> de la exposici\u00f3n, compuesta en su mayor\u00eda por el Museo Estatal de Auschwitz-Birkenau y otras colecciones de nivel internacional, que viajan desde la intimidad de los objetos m\u00e1s personales \u2013fotograf\u00edas, amuletos o pertenencias\u2013 hasta la inmensidad de los <strong>barracones, vagones o material m\u00e9dico<\/strong>, que hicieron posible la constituci\u00f3n del sistema del campo nazi alem\u00e1n.<\/p>\n<p>Una lectura solemne y enriquecedora que desvela cada una de las historias detr\u00e1s estos objetos, para componer la complicada y dura trayectoria de Auschwitz: un peque\u00f1o pueblo polaco de la Europa del siglo XX que pas\u00f3 a convertirse en la capital del Holocausto, y que se conoce hoy en d\u00eda como el principal punto de conmemoraci\u00f3n de las millones de personas que perdieron la vida bajo su sombra.<\/p>\n<p>El cat\u00e1logo <strong><a href=\"https:\/\/amzn.to\/32yMiJR\"><i>Auschwitz. Not Long Ago. Not Far Away<\/i> (2019)<\/a><\/strong> est\u00e1 disponible en la librer\u00eda Pickman del <a href=\"http:\/\/www.auschwitz.nyc\">Museum of Jewish Heritage \u2013 A Living Memorial to the Holocaust<\/a>\u00a0en Nueva York, donde la exposici\u00f3n abre al p\u00fablico en estos momentos, u online en la p\u00e1gina de Amazon de\u00a0<a href=\"https:\/\/amzn.to\/32yMiJR\"><u>Abbeville Press.<\/u><\/a><\/p>\n","protected":false},"excerpt":{"rendered":"<p>El Museo Estatal de Auschwitz Birkenau selecciona las 13 lecturas imprescindibles sobre el Holocausto&#8230;<\/p>\n","protected":false},"author":6,"featured_media":12137,"comment_status":"closed","ping_status":"closed","sticky":false,"template":"","format":"standard","meta":{"footnotes":""},"categories":[5,1],"tags":[101,197,75,196,103,76],"class_list":["post-12109","post","type-post","status-publish","format-standard","has-post-thumbnail","hentry","category-coleccion","category-otros","tag-auschwitz","tag-historia","tag-holocausto","tag-libros","tag-nazismo","tag-segunda-guerra-mundial"],"yoast_head":"<!-- This site is optimized with the Yoast SEO plugin v26.8 - https:\/\/yoast.com\/product\/yoast-seo-wordpress\/ -->\n<title>Blog Exposici\u00f3n Auschwitz\u2013 Lecturas Contra el Olvido: 13 Libros Impres...<\/title>\n<meta name=\"description\" content=\"El Dr. Piotr Setkiewicz, destaca\u00a013 lecturas imprescindibles para contribuir en la lucha contra el olvido del Holocausto...\" \/>\n<meta name=\"robots\" content=\"index, follow, max-snippet:-1, max-image-preview:large, max-video-preview:-1\" \/>\n<link rel=\"canonical\" href=\"https:\/\/auschwitz.net\/es\/libros-esenciales-sobre-holocausto\/\" \/>\n<meta property=\"og:locale\" content=\"es_ES\" \/>\n<meta property=\"og:type\" content=\"article\" \/>\n<meta property=\"og:title\" content=\"Blog Exposici\u00f3n Auschwitz\u2013 Lecturas Contra el Olvido: 13 Libros Impres...\" \/>\n<meta property=\"og:description\" content=\"El Dr. Piotr Setkiewicz, destaca\u00a013 lecturas imprescindibles para contribuir en la lucha contra el olvido del Holocausto...\" \/>\n<meta property=\"og:url\" content=\"https:\/\/auschwitz.net\/es\/libros-esenciales-sobre-holocausto\/\" \/>\n<meta property=\"og:site_name\" content=\"Auschwitz\" \/>\n<meta property=\"article:publisher\" content=\"https:\/\/www.facebook.com\/auschwitzexhibition\/\" \/>\n<meta property=\"article:published_time\" content=\"2019-08-19T12:14:53+00:00\" \/>\n<meta property=\"article:modified_time\" content=\"2019-08-19T12:20:18+00:00\" \/>\n<meta property=\"og:image\" content=\"https:\/\/auschwitz.net\/wp-content\/uploads\/2019\/07\/Cat\u00e1logo-1-copia.jpg\" \/>\n\t<meta property=\"og:image:width\" content=\"3432\" \/>\n\t<meta property=\"og:image:height\" content=\"2278\" \/>\n\t<meta property=\"og:image:type\" content=\"image\/jpeg\" \/>\n<meta name=\"author\" content=\"Auschwitz Exhibition\" \/>\n<meta name=\"twitter:card\" content=\"summary_large_image\" \/>\n<meta name=\"twitter:creator\" content=\"@auschwitzxhibit\" \/>\n<meta name=\"twitter:site\" content=\"@auschwitzxhibit\" \/>\n<meta name=\"twitter:label1\" content=\"Escrito por\" \/>\n\t<meta name=\"twitter:data1\" content=\"Auschwitz Exhibition\" \/>\n\t<meta name=\"twitter:label2\" content=\"Tiempo de lectura\" \/>\n\t<meta name=\"twitter:data2\" content=\"7 minutos\" \/>\n<script type=\"application\/ld+json\" class=\"yoast-schema-graph\">{\"@context\":\"https:\/\/schema.org\",\"@graph\":[{\"@type\":\"Article\",\"@id\":\"https:\/\/auschwitz.net\/es\/libros-esenciales-sobre-holocausto\/#article\",\"isPartOf\":{\"@id\":\"https:\/\/auschwitz.net\/es\/libros-esenciales-sobre-holocausto\/\"},\"author\":{\"name\":\"Auschwitz Exhibition\",\"@id\":\"https:\/\/auschwitz.net\/#\/schema\/person\/254b9fa5e9e47d8fc7cbf924240e9735\"},\"headline\":\"Lecturas Contra el Olvido: 13 Libros Imprescindibles Sobre el Holocausto\",\"datePublished\":\"2019-08-19T12:14:53+00:00\",\"dateModified\":\"2019-08-19T12:20:18+00:00\",\"mainEntityOfPage\":{\"@id\":\"https:\/\/auschwitz.net\/es\/libros-esenciales-sobre-holocausto\/\"},\"wordCount\":1499,\"image\":{\"@id\":\"https:\/\/auschwitz.net\/es\/libros-esenciales-sobre-holocausto\/#primaryimage\"},\"thumbnailUrl\":\"https:\/\/auschwitz.net\/wp-content\/uploads\/2019\/07\/Cat\u00e1logo-1-copia.jpg\",\"keywords\":[\"Auschwitz\",\"Historia\",\"holocausto\",\"Libros\",\"Nazismo\",\"segunda-guerra-mundial\"],\"articleSection\":[\"Colecci\u00f3n\",\"Otros\"],\"inLanguage\":\"es\"},{\"@type\":\"WebPage\",\"@id\":\"https:\/\/auschwitz.net\/es\/libros-esenciales-sobre-holocausto\/\",\"url\":\"https:\/\/auschwitz.net\/es\/libros-esenciales-sobre-holocausto\/\",\"name\":\"Blog Exposici\u00f3n Auschwitz\u2013 Lecturas Contra el Olvido: 13 Libros Impres...\",\"isPartOf\":{\"@id\":\"https:\/\/auschwitz.net\/#website\"},\"primaryImageOfPage\":{\"@id\":\"https:\/\/auschwitz.net\/es\/libros-esenciales-sobre-holocausto\/#primaryimage\"},\"image\":{\"@id\":\"https:\/\/auschwitz.net\/es\/libros-esenciales-sobre-holocausto\/#primaryimage\"},\"thumbnailUrl\":\"https:\/\/auschwitz.net\/wp-content\/uploads\/2019\/07\/Cat\u00e1logo-1-copia.jpg\",\"datePublished\":\"2019-08-19T12:14:53+00:00\",\"dateModified\":\"2019-08-19T12:20:18+00:00\",\"author\":{\"@id\":\"https:\/\/auschwitz.net\/#\/schema\/person\/254b9fa5e9e47d8fc7cbf924240e9735\"},\"description\":\"El Dr. Piotr Setkiewicz, destaca\u00a013 lecturas imprescindibles para contribuir en la lucha contra el olvido del Holocausto...\",\"breadcrumb\":{\"@id\":\"https:\/\/auschwitz.net\/es\/libros-esenciales-sobre-holocausto\/#breadcrumb\"},\"inLanguage\":\"es\",\"potentialAction\":[{\"@type\":\"ReadAction\",\"target\":[\"https:\/\/auschwitz.net\/es\/libros-esenciales-sobre-holocausto\/\"]}]},{\"@type\":\"ImageObject\",\"inLanguage\":\"es\",\"@id\":\"https:\/\/auschwitz.net\/es\/libros-esenciales-sobre-holocausto\/#primaryimage\",\"url\":\"https:\/\/auschwitz.net\/wp-content\/uploads\/2019\/07\/Cat\u00e1logo-1-copia.jpg\",\"contentUrl\":\"https:\/\/auschwitz.net\/wp-content\/uploads\/2019\/07\/Cat\u00e1logo-1-copia.jpg\",\"width\":3432,\"height\":2278,\"caption\":\"Catalogo-Auschwitz\"},{\"@type\":\"BreadcrumbList\",\"@id\":\"https:\/\/auschwitz.net\/es\/libros-esenciales-sobre-holocausto\/#breadcrumb\",\"itemListElement\":[{\"@type\":\"ListItem\",\"position\":1,\"name\":\"Portada\",\"item\":\"https:\/\/auschwitz.net\/es\/?page_id=17381\"},{\"@type\":\"ListItem\",\"position\":2,\"name\":\"Lecturas Contra el Olvido: 13 Libros Imprescindibles Sobre el Holocausto\"}]},{\"@type\":\"WebSite\",\"@id\":\"https:\/\/auschwitz.net\/#website\",\"url\":\"https:\/\/auschwitz.net\/\",\"name\":\"Auschwitz\",\"description\":\"Exposici\u00f3n Auschwitz, en Madrid hasta el 16 de junio de 2018. Una emotiva y rigurosa muestra sobre el mayor campo nazi alem\u00e1n, con m\u00e1s de 600 objetos originales.\",\"potentialAction\":[{\"@type\":\"SearchAction\",\"target\":{\"@type\":\"EntryPoint\",\"urlTemplate\":\"https:\/\/auschwitz.net\/?s={search_term_string}\"},\"query-input\":{\"@type\":\"PropertyValueSpecification\",\"valueRequired\":true,\"valueName\":\"search_term_string\"}}],\"inLanguage\":\"es\"},{\"@type\":\"Person\",\"@id\":\"https:\/\/auschwitz.net\/#\/schema\/person\/254b9fa5e9e47d8fc7cbf924240e9735\",\"name\":\"Auschwitz Exhibition\",\"image\":{\"@type\":\"ImageObject\",\"inLanguage\":\"es\",\"@id\":\"https:\/\/auschwitz.net\/#\/schema\/person\/image\/\",\"url\":\"https:\/\/secure.gravatar.com\/avatar\/b7fb7508f7906607487424635cc60d2d0859f0482242a09fbd0fcbfd88570f79?s=96&d=mm&r=g\",\"contentUrl\":\"https:\/\/secure.gravatar.com\/avatar\/b7fb7508f7906607487424635cc60d2d0859f0482242a09fbd0fcbfd88570f79?s=96&d=mm&r=g\",\"caption\":\"Auschwitz Exhibition\"},\"url\":\"https:\/\/auschwitz.net\/es\/author\/irene\/\"}]}<\/script>\n<!-- \/ Yoast SEO plugin. -->","yoast_head_json":{"title":"Blog Exposici\u00f3n Auschwitz\u2013 Lecturas Contra el Olvido: 13 Libros Impres...","description":"El Dr. Piotr Setkiewicz, destaca\u00a013 lecturas imprescindibles para contribuir en la lucha contra el olvido del Holocausto...","robots":{"index":"index","follow":"follow","max-snippet":"max-snippet:-1","max-image-preview":"max-image-preview:large","max-video-preview":"max-video-preview:-1"},"canonical":"https:\/\/auschwitz.net\/es\/libros-esenciales-sobre-holocausto\/","og_locale":"es_ES","og_type":"article","og_title":"Blog Exposici\u00f3n Auschwitz\u2013 Lecturas Contra el Olvido: 13 Libros Impres...","og_description":"El Dr. Piotr Setkiewicz, destaca\u00a013 lecturas imprescindibles para contribuir en la lucha contra el olvido del Holocausto...","og_url":"https:\/\/auschwitz.net\/es\/libros-esenciales-sobre-holocausto\/","og_site_name":"Auschwitz","article_publisher":"https:\/\/www.facebook.com\/auschwitzexhibition\/","article_published_time":"2019-08-19T12:14:53+00:00","article_modified_time":"2019-08-19T12:20:18+00:00","og_image":[{"width":3432,"height":2278,"url":"https:\/\/auschwitz.net\/wp-content\/uploads\/2019\/07\/Cat\u00e1logo-1-copia.jpg","type":"image\/jpeg"}],"author":"Auschwitz Exhibition","twitter_card":"summary_large_image","twitter_creator":"@auschwitzxhibit","twitter_site":"@auschwitzxhibit","twitter_misc":{"Escrito por":"Auschwitz Exhibition","Tiempo de lectura":"7 minutos"},"schema":{"@context":"https:\/\/schema.org","@graph":[{"@type":"Article","@id":"https:\/\/auschwitz.net\/es\/libros-esenciales-sobre-holocausto\/#article","isPartOf":{"@id":"https:\/\/auschwitz.net\/es\/libros-esenciales-sobre-holocausto\/"},"author":{"name":"Auschwitz Exhibition","@id":"https:\/\/auschwitz.net\/#\/schema\/person\/254b9fa5e9e47d8fc7cbf924240e9735"},"headline":"Lecturas Contra el Olvido: 13 Libros Imprescindibles Sobre el Holocausto","datePublished":"2019-08-19T12:14:53+00:00","dateModified":"2019-08-19T12:20:18+00:00","mainEntityOfPage":{"@id":"https:\/\/auschwitz.net\/es\/libros-esenciales-sobre-holocausto\/"},"wordCount":1499,"image":{"@id":"https:\/\/auschwitz.net\/es\/libros-esenciales-sobre-holocausto\/#primaryimage"},"thumbnailUrl":"https:\/\/auschwitz.net\/wp-content\/uploads\/2019\/07\/Cat\u00e1logo-1-copia.jpg","keywords":["Auschwitz","Historia","holocausto","Libros","Nazismo","segunda-guerra-mundial"],"articleSection":["Colecci\u00f3n","Otros"],"inLanguage":"es"},{"@type":"WebPage","@id":"https:\/\/auschwitz.net\/es\/libros-esenciales-sobre-holocausto\/","url":"https:\/\/auschwitz.net\/es\/libros-esenciales-sobre-holocausto\/","name":"Blog Exposici\u00f3n Auschwitz\u2013 Lecturas Contra el Olvido: 13 Libros Impres...","isPartOf":{"@id":"https:\/\/auschwitz.net\/#website"},"primaryImageOfPage":{"@id":"https:\/\/auschwitz.net\/es\/libros-esenciales-sobre-holocausto\/#primaryimage"},"image":{"@id":"https:\/\/auschwitz.net\/es\/libros-esenciales-sobre-holocausto\/#primaryimage"},"thumbnailUrl":"https:\/\/auschwitz.net\/wp-content\/uploads\/2019\/07\/Cat\u00e1logo-1-copia.jpg","datePublished":"2019-08-19T12:14:53+00:00","dateModified":"2019-08-19T12:20:18+00:00","author":{"@id":"https:\/\/auschwitz.net\/#\/schema\/person\/254b9fa5e9e47d8fc7cbf924240e9735"},"description":"El Dr. Piotr Setkiewicz, destaca\u00a013 lecturas imprescindibles para contribuir en la lucha contra el olvido del Holocausto...","breadcrumb":{"@id":"https:\/\/auschwitz.net\/es\/libros-esenciales-sobre-holocausto\/#breadcrumb"},"inLanguage":"es","potentialAction":[{"@type":"ReadAction","target":["https:\/\/auschwitz.net\/es\/libros-esenciales-sobre-holocausto\/"]}]},{"@type":"ImageObject","inLanguage":"es","@id":"https:\/\/auschwitz.net\/es\/libros-esenciales-sobre-holocausto\/#primaryimage","url":"https:\/\/auschwitz.net\/wp-content\/uploads\/2019\/07\/Cat\u00e1logo-1-copia.jpg","contentUrl":"https:\/\/auschwitz.net\/wp-content\/uploads\/2019\/07\/Cat\u00e1logo-1-copia.jpg","width":3432,"height":2278,"caption":"Catalogo-Auschwitz"},{"@type":"BreadcrumbList","@id":"https:\/\/auschwitz.net\/es\/libros-esenciales-sobre-holocausto\/#breadcrumb","itemListElement":[{"@type":"ListItem","position":1,"name":"Portada","item":"https:\/\/auschwitz.net\/es\/?page_id=17381"},{"@type":"ListItem","position":2,"name":"Lecturas Contra el Olvido: 13 Libros Imprescindibles Sobre el Holocausto"}]},{"@type":"WebSite","@id":"https:\/\/auschwitz.net\/#website","url":"https:\/\/auschwitz.net\/","name":"Auschwitz","description":"Exposici\u00f3n Auschwitz, en Madrid hasta el 16 de junio de 2018. Una emotiva y rigurosa muestra sobre el mayor campo nazi alem\u00e1n, con m\u00e1s de 600 objetos originales.","potentialAction":[{"@type":"SearchAction","target":{"@type":"EntryPoint","urlTemplate":"https:\/\/auschwitz.net\/?s={search_term_string}"},"query-input":{"@type":"PropertyValueSpecification","valueRequired":true,"valueName":"search_term_string"}}],"inLanguage":"es"},{"@type":"Person","@id":"https:\/\/auschwitz.net\/#\/schema\/person\/254b9fa5e9e47d8fc7cbf924240e9735","name":"Auschwitz Exhibition","image":{"@type":"ImageObject","inLanguage":"es","@id":"https:\/\/auschwitz.net\/#\/schema\/person\/image\/","url":"https:\/\/secure.gravatar.com\/avatar\/b7fb7508f7906607487424635cc60d2d0859f0482242a09fbd0fcbfd88570f79?s=96&d=mm&r=g","contentUrl":"https:\/\/secure.gravatar.com\/avatar\/b7fb7508f7906607487424635cc60d2d0859f0482242a09fbd0fcbfd88570f79?s=96&d=mm&r=g","caption":"Auschwitz Exhibition"},"url":"https:\/\/auschwitz.net\/es\/author\/irene\/"}]}},"_links":{"self":[{"href":"https:\/\/auschwitz.net\/es\/wp-json\/wp\/v2\/posts\/12109","targetHints":{"allow":["GET"]}}],"collection":[{"href":"https:\/\/auschwitz.net\/es\/wp-json\/wp\/v2\/posts"}],"about":[{"href":"https:\/\/auschwitz.net\/es\/wp-json\/wp\/v2\/types\/post"}],"author":[{"embeddable":true,"href":"https:\/\/auschwitz.net\/es\/wp-json\/wp\/v2\/users\/6"}],"replies":[{"embeddable":true,"href":"https:\/\/auschwitz.net\/es\/wp-json\/wp\/v2\/comments?post=12109"}],"version-history":[{"count":5,"href":"https:\/\/auschwitz.net\/es\/wp-json\/wp\/v2\/posts\/12109\/revisions"}],"predecessor-version":[{"id":12215,"href":"https:\/\/auschwitz.net\/es\/wp-json\/wp\/v2\/posts\/12109\/revisions\/12215"}],"wp:featuredmedia":[{"embeddable":true,"href":"https:\/\/auschwitz.net\/es\/wp-json\/wp\/v2\/media\/12137"}],"wp:attachment":[{"href":"https:\/\/auschwitz.net\/es\/wp-json\/wp\/v2\/media?parent=12109"}],"wp:term":[{"taxonomy":"category","embeddable":true,"href":"https:\/\/auschwitz.net\/es\/wp-json\/wp\/v2\/categories?post=12109"},{"taxonomy":"post_tag","embeddable":true,"href":"https:\/\/auschwitz.net\/es\/wp-json\/wp\/v2\/tags?post=12109"}],"curies":[{"name":"wp","href":"https:\/\/api.w.org\/{rel}","templated":true}]}}