{"id":11873,"date":"2019-04-29T11:56:32","date_gmt":"2019-04-29T09:56:32","guid":{"rendered":"https:\/\/auschwitz.net\/?p=11873"},"modified":"2019-05-02T18:37:19","modified_gmt":"2019-05-02T16:37:19","slug":"la-exposicion-auschwitz-se-presenta-en-el-museo-de-la-herencia-judia-de-nueva-york","status":"publish","type":"post","link":"https:\/\/auschwitz.net\/es\/la-exposicion-auschwitz-se-presenta-en-el-museo-de-la-herencia-judia-de-nueva-york\/","title":{"rendered":"La exposici\u00f3n \u00abAuschwitz\u00bb se presenta en el Museo de la Herencia Jud\u00eda de Nueva York"},"content":{"rendered":"<p><em>74 a\u00f1os despu\u00e9s de la liberaci\u00f3n de Auschwitz, se presenta por primera vez en Norteam\u00e9rica la mayor exposici\u00f3n itinerante dedicada al campo, con m\u00e1s de 700 objetos originales y 400 fotograf\u00edas nunca antes mostradas al p\u00fablico estadounidense. <\/em><\/p>\n<p>New York, NY\u2013 La exposici\u00f3n itinerante <em><b>Auschwitz. Not long ago. Not far away. <\/b><\/em>se ha presentado hoy a los medios internacionales en el <a href=\"http:\/\/mjhnyc.org\" target=\"_blank\" rel=\"noopener\"><strong>Museum of Jewish Heritage\u2013A living memorial to the Holocaust<\/strong><\/a>\u00a0de Nueva York, donde abrir\u00e1 sus puertas al p\u00fablico el pr\u00f3ximo 8 de mayo y permanecer\u00e1 hasta el <strong>3 de enero del 2020<\/strong>. Producida de la mano de la reconocida firma internacional <a href=\"http:\/\/musealia.net\" target=\"_blank\" rel=\"noopener\"><strong>Musealia<\/strong><\/a> y\u00a0<a href=\"http:\/\/www.auschwitz.org\" target=\"_blank\" rel=\"noopener\"><strong>Auschwitz-Birkenau State Museum<\/strong><\/a> en Polonia, esta es <strong>la mayor exposici\u00f3n dedicada a Auschwitz<\/strong> jam\u00e1s expuesta en Norteam\u00e9rica.<\/p>\n<p><em>Auschwitz. Not long ago. Not far away.\u00a0<\/em>se instala en la ciudad neoyorkina tras una exitosa estancia en el centro de exhibiciones <a href=\"http:\/\/fundacioncanal.com\" target=\"_blank\" rel=\"noopener\"><strong>Arte Canal<\/strong><\/a> en Madrid, donde registr\u00f3 m\u00e1s de<strong> 600.000 visitas<\/strong>, y fue <strong>una de las exhibiciones m\u00e1s visitadas de Europa<\/strong> en 2018. La exposici\u00f3n traza el desarrollo de la ideolog\u00eda Nazi y narra la transformaci\u00f3n de O\u015bwi\u0119cim, una peque\u00f1a localidad de Polonia que pas\u00f3 a convertirse en la poblaci\u00f3n m\u00e1s significativa del Holocausto: Auschwitz.<\/p>\n<p>\u2018Auschwitz no solo es historia, una historia, un mensaje o un aviso. Auschwitz representa verdadero sufrimiento humano, tristeza y muerte. No es la tragedia de m\u00e1s de un mill\u00f3n de personas, sino m\u00e1s de un millon de tragedias individuales, por ello es necesario que esta exposici\u00f3n tenga como premisa la autenticidad&#8217; afirm\u00f3 durante la presentaci\u00f3n a medios el <strong>Dr. Piotr M. A. Cywi\u0144ski<\/strong>, director del Auschwitz-Birkenau State Museum.<\/p>\n<p>Los visitantes de New York podr\u00e1n hallar m\u00e1s de <strong>700 objetos originales y 400 fotograf\u00edas<\/strong> de m\u00e1s de 20 museos e instituciones internacionales, siendo la mayor\u00eda del <a href=\"http:\/\/auschwitz.org\" target=\"_blank\" rel=\"noopener\">Auschwitz-Birkenau State Museum<\/a>. La exhibici\u00f3n retrata la realidad de Auschwitz con una muestra de <strong>cientos de objetos personales<\/strong> \u2013maletas, gafas y zapatos\u2013 que pertenecieron a supervivientes y v\u00edctimas del Holocausto. Entre ellos, <strong>objetos personales de Anna Frank<\/strong> nunca antes expuestos en Am\u00e9rica y objetos que ilustran la realidad de los SS: una m\u00e1scara de gas usada por los SS u objetos personales del comandante de Auschwitz, <strong>Rudolf H\u00f6ss<\/strong>, por ejemplo. La muestra tambi\u00e9n cuenta con objetos originales propios de la infraestructura del campo, como postes de hormig\u00f3n, parte de un barrac\u00f3n original de Auschwitz III-Monowitz y un<strong> vag\u00f3n alem\u00e1n de tren.\u00a0<\/strong><\/p>\n<p>&#8216;Vivimos en un momento en el que todav\u00eda existe el negacionismo del Holocausto, el antisemitismo est\u00e1 creciendo y la discriminaci\u00f3n est\u00e1 a la orden del d\u00eda. Hay asesinatos en masa y genocidios\u00a0ocurriendo ahora mismo en el mundo&#8217; record\u00f3\u00a0<strong>Bruce C. Ratner<\/strong>, Presidente de la Junta Directiva del Museum of Jewish Heritage.<\/p>\n<p>El <a href=\"http:\/\/mjhnyc.org\" target=\"_blank\" rel=\"noopener\">Museum of Jewish Heritage<\/a> ha incorporado m\u00e1s de 100 objetos de su colecci\u00f3n, pertenecientes a supervivientes y liberadores que encontraron refugio en la ciudad de New York: el block de dibujo y portfolio de Alfred Kantor, con m\u00e1s de <strong>150 dibujos originales de Theresienstadt<\/strong>, Auschwitz, y la trompeta que el m\u00fasico Louis Bannet, el apodado\u00a0<span lang=\"ES\">\u2018<\/span>Luis Armstrong holand\u00e9s<span lang=\"ES\">\u2019<\/span>, afirma haberle salvado la vida durante su prisi\u00f3n en Auschwitz. La colecci\u00f3n del museo tambi\u00e9n incluye objetos como la <strong>daga y el casco del SS Heinrich Himmler<\/strong> y su copia anotada del <i>Mein Kampf\u00a0<\/i>de Hitler, as\u00ed como una proclamaci\u00f3n antijud\u00eda de de Ferdinando I de 1551, que le regal\u00f3 el Jefe de Seguridad alemana, Reinhard Heydrich, a Hermann G\u00f6ring donde Heydrich anot\u00f3 que 400 a\u00f1os despu\u00e9s los Nazis estaban completando el encargo de Ferdinando. Estos objetos representan <strong>un cap\u00edtulo de la historia que nunca deber\u00eda olvidarse.\u00a0<\/strong><\/p>\n<p>&#8216;La exposici\u00f3n es un tributo a la memoria de las v\u00edctimas, pero tambi\u00e9n queremos que sirva como alerta, para que podamos entender nuestro presente y crear un mejor futuro&#8217; manifest\u00f3\u00a0<strong>Luis Ferreiro<\/strong>, Director de <a href=\"http:\/\/www.museaelia.net\" target=\"_blank\" rel=\"noopener\">Musealia<\/a> y de la exposici\u00f3n.<\/p>\n<p><strong>Ronald S. Lauder<\/strong>, Fundador y Presidente del Comit\u00e9 de la Fundaci\u00f3n Auschwitz-Birkenau y Presidente del World Jewish Congress a\u00f1adi\u00f3: &#8216;Es la obligaci\u00f3n de las generaciones presentes recordar lo que pas\u00f3, c\u00f3mo y por qu\u00e9 sucedi\u00f3. Debemos recordar, para que nada de esto vuelva a tener cabida en nuestra realidad. Por desgracia, estamos reviviendo algo que jam\u00e1s pens\u00e9 que se dar\u00eda de nuevo: una nueva ola de antisemitismo resurge en todo el mundo. Ante ello debemos tener presentes las palabras de Elie Wiesel: nunca seas indiferente&#8217;.<\/p>\n<p><em>Auschwitz. Not long ago. Not far away<\/em>. ha sido concebida por\u00a0<strong><a href=\"http:\/\/www.musealia.net\/\" target=\"_blank\" rel=\"noopener\">Musealia<\/a>\u00a0y\u00a0<a href=\"http:\/\/auschwitz.org\/\" target=\"_blank\" rel=\"noopener\">Auschwitz-Birkenau State Museum<\/a>\u00a0<\/strong>y comisariada por un <strong>panel de expertos internacionales<\/strong>, incluyendo al reconocido <strong>Dr. Robert Jan Van Pelt<\/strong>, el <strong>Dr. Michael Berenbaum<\/strong> y <strong>Paul Salmons<\/strong>, en una colaboraci\u00f3n sin precedentes con historiadores del Centro de Investigaci\u00f3n del <a href=\"http:\/\/auschwitz.org\" target=\"_blank\" rel=\"noopener\">Auschwitz-Birkenau State Museum<\/a>, liderado por el <strong>Dr. Piotr Setkiewicz<\/strong>.<\/p>\n<p>\u2018Uno de los objetivos de esta exhibici\u00f3n es recordarnos que\u00a0nuestro mundo es el legado de nuestros antepasados.\u00a0Pero tambi\u00e9n cuenta la historia de m\u00e1s de 200.000 ni\u00f1os que fueron asesinados en Auschwitz. Hay pruebas, a veces duras o\u00a0delicadas, de ello. Cuando pensamos en el asesinato de aquellos ni\u00f1os que eran demasiado j\u00f3venes para dejar su huella en el mundo, debemos recordar que no solo estamos ligados a nuestros antepasados, sino tambi\u00e9n a aquellos que todav\u00eda est\u00e1n por llegar&#8217; declar\u00f3 el Comisario jefe de la exposici\u00f3n,\u00a0<strong>Dr. Robert Jan van Pelt<\/strong>.<\/p>\n","protected":false},"excerpt":{"rendered":"<p>74 a\u00f1os despu\u00e9s de la liberaci\u00f3n de Auschwitz, se presenta por primera vez en Norteam\u00e9rica la mayor exposici\u00f3n itinerante dedicada al campo, con m\u00e1s de 700 objetos originales y 400 fotograf\u00edas nunca antes mostradas al p\u00fablico estadounidense. New York, NY\u2013 La exposici\u00f3n itinerante Auschwitz. Not long ago. Not far away. se ha presentado hoy a [&hellip;]<\/p>\n","protected":false},"author":6,"featured_media":11923,"comment_status":"closed","ping_status":"closed","sticky":false,"template":"","format":"standard","meta":{"footnotes":""},"categories":[3],"tags":[],"class_list":["post-11873","post","type-post","status-publish","format-standard","has-post-thumbnail","hentry","category-notas-de-prensa"],"yoast_head":"<!-- This site is optimized with the Yoast SEO plugin v26.8 - https:\/\/yoast.com\/product\/yoast-seo-wordpress\/ -->\n<title>La exposici\u00f3n &quot;Auschwitz&quot; se presenta en el Museo de la Herencia Jud\u00eda de Nueva York - Auschwitz<\/title>\n<meta name=\"robots\" content=\"index, follow, max-snippet:-1, max-image-preview:large, max-video-preview:-1\" \/>\n<link rel=\"canonical\" href=\"https:\/\/auschwitz.net\/es\/la-exposicion-auschwitz-se-presenta-en-el-museo-de-la-herencia-judia-de-nueva-york\/\" \/>\n<meta property=\"og:locale\" content=\"es_ES\" \/>\n<meta property=\"og:type\" content=\"article\" \/>\n<meta property=\"og:title\" content=\"La exposici\u00f3n &quot;Auschwitz&quot; se presenta en el Museo de la Herencia Jud\u00eda de Nueva York - Auschwitz\" \/>\n<meta property=\"og:description\" content=\"74 a\u00f1os despu\u00e9s de la liberaci\u00f3n de Auschwitz, se presenta por primera vez en Norteam\u00e9rica la mayor exposici\u00f3n itinerante dedicada al campo, con m\u00e1s de 700 objetos originales y 400 fotograf\u00edas nunca antes mostradas al p\u00fablico estadounidense. New York, NY\u2013 La exposici\u00f3n itinerante Auschwitz. Not long ago. Not far away. se ha presentado hoy a [&hellip;]\" \/>\n<meta property=\"og:url\" content=\"https:\/\/auschwitz.net\/es\/la-exposicion-auschwitz-se-presenta-en-el-museo-de-la-herencia-judia-de-nueva-york\/\" \/>\n<meta property=\"og:site_name\" content=\"Auschwitz\" \/>\n<meta property=\"article:publisher\" content=\"https:\/\/www.facebook.com\/auschwitzexhibition\/\" \/>\n<meta property=\"article:published_time\" content=\"2019-04-29T09:56:32+00:00\" \/>\n<meta property=\"article:modified_time\" content=\"2019-05-02T16:37:19+00:00\" \/>\n<meta property=\"og:image\" content=\"https:\/\/auschwitz.net\/wp-content\/uploads\/2019\/04\/Captura-de-pantalla-2019-05-02-a-las-12.35.20-1024x609.png\" \/>\n\t<meta property=\"og:image:width\" content=\"1024\" \/>\n\t<meta property=\"og:image:height\" content=\"609\" \/>\n\t<meta property=\"og:image:type\" content=\"image\/png\" \/>\n<meta name=\"author\" content=\"Auschwitz Exhibition\" \/>\n<meta name=\"twitter:card\" content=\"summary_large_image\" \/>\n<meta name=\"twitter:creator\" content=\"@auschwitzxhibit\" \/>\n<meta name=\"twitter:site\" content=\"@auschwitzxhibit\" \/>\n<meta name=\"twitter:label1\" content=\"Escrito por\" \/>\n\t<meta name=\"twitter:data1\" content=\"Auschwitz Exhibition\" \/>\n\t<meta name=\"twitter:label2\" content=\"Tiempo de lectura\" \/>\n\t<meta name=\"twitter:data2\" content=\"5 minutos\" \/>\n<script type=\"application\/ld+json\" class=\"yoast-schema-graph\">{\"@context\":\"https:\/\/schema.org\",\"@graph\":[{\"@type\":\"Article\",\"@id\":\"https:\/\/auschwitz.net\/es\/la-exposicion-auschwitz-se-presenta-en-el-museo-de-la-herencia-judia-de-nueva-york\/#article\",\"isPartOf\":{\"@id\":\"https:\/\/auschwitz.net\/es\/la-exposicion-auschwitz-se-presenta-en-el-museo-de-la-herencia-judia-de-nueva-york\/\"},\"author\":{\"name\":\"Auschwitz Exhibition\",\"@id\":\"https:\/\/auschwitz.net\/#\/schema\/person\/254b9fa5e9e47d8fc7cbf924240e9735\"},\"headline\":\"La exposici\u00f3n \u00abAuschwitz\u00bb se presenta en el Museo de la Herencia Jud\u00eda de Nueva York\",\"datePublished\":\"2019-04-29T09:56:32+00:00\",\"dateModified\":\"2019-05-02T16:37:19+00:00\",\"mainEntityOfPage\":{\"@id\":\"https:\/\/auschwitz.net\/es\/la-exposicion-auschwitz-se-presenta-en-el-museo-de-la-herencia-judia-de-nueva-york\/\"},\"wordCount\":953,\"image\":{\"@id\":\"https:\/\/auschwitz.net\/es\/la-exposicion-auschwitz-se-presenta-en-el-museo-de-la-herencia-judia-de-nueva-york\/#primaryimage\"},\"thumbnailUrl\":\"https:\/\/auschwitz.net\/wp-content\/uploads\/2019\/04\/Captura-de-pantalla-2019-05-02-a-las-12.35.20.png\",\"articleSection\":[\"Notas de prensa\"],\"inLanguage\":\"es\"},{\"@type\":\"WebPage\",\"@id\":\"https:\/\/auschwitz.net\/es\/la-exposicion-auschwitz-se-presenta-en-el-museo-de-la-herencia-judia-de-nueva-york\/\",\"url\":\"https:\/\/auschwitz.net\/es\/la-exposicion-auschwitz-se-presenta-en-el-museo-de-la-herencia-judia-de-nueva-york\/\",\"name\":\"La exposici\u00f3n \\\"Auschwitz\\\" se presenta en el Museo de la Herencia Jud\u00eda de Nueva York - Auschwitz\",\"isPartOf\":{\"@id\":\"https:\/\/auschwitz.net\/#website\"},\"primaryImageOfPage\":{\"@id\":\"https:\/\/auschwitz.net\/es\/la-exposicion-auschwitz-se-presenta-en-el-museo-de-la-herencia-judia-de-nueva-york\/#primaryimage\"},\"image\":{\"@id\":\"https:\/\/auschwitz.net\/es\/la-exposicion-auschwitz-se-presenta-en-el-museo-de-la-herencia-judia-de-nueva-york\/#primaryimage\"},\"thumbnailUrl\":\"https:\/\/auschwitz.net\/wp-content\/uploads\/2019\/04\/Captura-de-pantalla-2019-05-02-a-las-12.35.20.png\",\"datePublished\":\"2019-04-29T09:56:32+00:00\",\"dateModified\":\"2019-05-02T16:37:19+00:00\",\"author\":{\"@id\":\"https:\/\/auschwitz.net\/#\/schema\/person\/254b9fa5e9e47d8fc7cbf924240e9735\"},\"breadcrumb\":{\"@id\":\"https:\/\/auschwitz.net\/es\/la-exposicion-auschwitz-se-presenta-en-el-museo-de-la-herencia-judia-de-nueva-york\/#breadcrumb\"},\"inLanguage\":\"es\",\"potentialAction\":[{\"@type\":\"ReadAction\",\"target\":[\"https:\/\/auschwitz.net\/es\/la-exposicion-auschwitz-se-presenta-en-el-museo-de-la-herencia-judia-de-nueva-york\/\"]}]},{\"@type\":\"ImageObject\",\"inLanguage\":\"es\",\"@id\":\"https:\/\/auschwitz.net\/es\/la-exposicion-auschwitz-se-presenta-en-el-museo-de-la-herencia-judia-de-nueva-york\/#primaryimage\",\"url\":\"https:\/\/auschwitz.net\/wp-content\/uploads\/2019\/04\/Captura-de-pantalla-2019-05-02-a-las-12.35.20.png\",\"contentUrl\":\"https:\/\/auschwitz.net\/wp-content\/uploads\/2019\/04\/Captura-de-pantalla-2019-05-02-a-las-12.35.20.png\",\"width\":1948,\"height\":1158,\"caption\":\"Opening\"},{\"@type\":\"BreadcrumbList\",\"@id\":\"https:\/\/auschwitz.net\/es\/la-exposicion-auschwitz-se-presenta-en-el-museo-de-la-herencia-judia-de-nueva-york\/#breadcrumb\",\"itemListElement\":[{\"@type\":\"ListItem\",\"position\":1,\"name\":\"Portada\",\"item\":\"https:\/\/auschwitz.net\/es\/?page_id=17381\"},{\"@type\":\"ListItem\",\"position\":2,\"name\":\"La exposici\u00f3n \u00abAuschwitz\u00bb se presenta en el Museo de la Herencia Jud\u00eda de Nueva York\"}]},{\"@type\":\"WebSite\",\"@id\":\"https:\/\/auschwitz.net\/#website\",\"url\":\"https:\/\/auschwitz.net\/\",\"name\":\"Auschwitz\",\"description\":\"Exposici\u00f3n Auschwitz, en Madrid hasta el 16 de junio de 2018. Una emotiva y rigurosa muestra sobre el mayor campo nazi alem\u00e1n, con m\u00e1s de 600 objetos originales.\",\"potentialAction\":[{\"@type\":\"SearchAction\",\"target\":{\"@type\":\"EntryPoint\",\"urlTemplate\":\"https:\/\/auschwitz.net\/?s={search_term_string}\"},\"query-input\":{\"@type\":\"PropertyValueSpecification\",\"valueRequired\":true,\"valueName\":\"search_term_string\"}}],\"inLanguage\":\"es\"},{\"@type\":\"Person\",\"@id\":\"https:\/\/auschwitz.net\/#\/schema\/person\/254b9fa5e9e47d8fc7cbf924240e9735\",\"name\":\"Auschwitz Exhibition\",\"image\":{\"@type\":\"ImageObject\",\"inLanguage\":\"es\",\"@id\":\"https:\/\/auschwitz.net\/#\/schema\/person\/image\/\",\"url\":\"https:\/\/secure.gravatar.com\/avatar\/b7fb7508f7906607487424635cc60d2d0859f0482242a09fbd0fcbfd88570f79?s=96&d=mm&r=g\",\"contentUrl\":\"https:\/\/secure.gravatar.com\/avatar\/b7fb7508f7906607487424635cc60d2d0859f0482242a09fbd0fcbfd88570f79?s=96&d=mm&r=g\",\"caption\":\"Auschwitz Exhibition\"},\"url\":\"https:\/\/auschwitz.net\/es\/author\/irene\/\"}]}<\/script>\n<!-- \/ Yoast SEO plugin. -->","yoast_head_json":{"title":"La exposici\u00f3n \"Auschwitz\" se presenta en el Museo de la Herencia Jud\u00eda de Nueva York - Auschwitz","robots":{"index":"index","follow":"follow","max-snippet":"max-snippet:-1","max-image-preview":"max-image-preview:large","max-video-preview":"max-video-preview:-1"},"canonical":"https:\/\/auschwitz.net\/es\/la-exposicion-auschwitz-se-presenta-en-el-museo-de-la-herencia-judia-de-nueva-york\/","og_locale":"es_ES","og_type":"article","og_title":"La exposici\u00f3n \"Auschwitz\" se presenta en el Museo de la Herencia Jud\u00eda de Nueva York - Auschwitz","og_description":"74 a\u00f1os despu\u00e9s de la liberaci\u00f3n de Auschwitz, se presenta por primera vez en Norteam\u00e9rica la mayor exposici\u00f3n itinerante dedicada al campo, con m\u00e1s de 700 objetos originales y 400 fotograf\u00edas nunca antes mostradas al p\u00fablico estadounidense. New York, NY\u2013 La exposici\u00f3n itinerante Auschwitz. Not long ago. Not far away. se ha presentado hoy a [&hellip;]","og_url":"https:\/\/auschwitz.net\/es\/la-exposicion-auschwitz-se-presenta-en-el-museo-de-la-herencia-judia-de-nueva-york\/","og_site_name":"Auschwitz","article_publisher":"https:\/\/www.facebook.com\/auschwitzexhibition\/","article_published_time":"2019-04-29T09:56:32+00:00","article_modified_time":"2019-05-02T16:37:19+00:00","og_image":[{"width":1024,"height":609,"url":"https:\/\/auschwitz.net\/wp-content\/uploads\/2019\/04\/Captura-de-pantalla-2019-05-02-a-las-12.35.20-1024x609.png","type":"image\/png"}],"author":"Auschwitz Exhibition","twitter_card":"summary_large_image","twitter_creator":"@auschwitzxhibit","twitter_site":"@auschwitzxhibit","twitter_misc":{"Escrito por":"Auschwitz Exhibition","Tiempo de lectura":"5 minutos"},"schema":{"@context":"https:\/\/schema.org","@graph":[{"@type":"Article","@id":"https:\/\/auschwitz.net\/es\/la-exposicion-auschwitz-se-presenta-en-el-museo-de-la-herencia-judia-de-nueva-york\/#article","isPartOf":{"@id":"https:\/\/auschwitz.net\/es\/la-exposicion-auschwitz-se-presenta-en-el-museo-de-la-herencia-judia-de-nueva-york\/"},"author":{"name":"Auschwitz Exhibition","@id":"https:\/\/auschwitz.net\/#\/schema\/person\/254b9fa5e9e47d8fc7cbf924240e9735"},"headline":"La exposici\u00f3n \u00abAuschwitz\u00bb se presenta en el Museo de la Herencia Jud\u00eda de Nueva York","datePublished":"2019-04-29T09:56:32+00:00","dateModified":"2019-05-02T16:37:19+00:00","mainEntityOfPage":{"@id":"https:\/\/auschwitz.net\/es\/la-exposicion-auschwitz-se-presenta-en-el-museo-de-la-herencia-judia-de-nueva-york\/"},"wordCount":953,"image":{"@id":"https:\/\/auschwitz.net\/es\/la-exposicion-auschwitz-se-presenta-en-el-museo-de-la-herencia-judia-de-nueva-york\/#primaryimage"},"thumbnailUrl":"https:\/\/auschwitz.net\/wp-content\/uploads\/2019\/04\/Captura-de-pantalla-2019-05-02-a-las-12.35.20.png","articleSection":["Notas de prensa"],"inLanguage":"es"},{"@type":"WebPage","@id":"https:\/\/auschwitz.net\/es\/la-exposicion-auschwitz-se-presenta-en-el-museo-de-la-herencia-judia-de-nueva-york\/","url":"https:\/\/auschwitz.net\/es\/la-exposicion-auschwitz-se-presenta-en-el-museo-de-la-herencia-judia-de-nueva-york\/","name":"La exposici\u00f3n \"Auschwitz\" se presenta en el Museo de la Herencia Jud\u00eda de Nueva York - Auschwitz","isPartOf":{"@id":"https:\/\/auschwitz.net\/#website"},"primaryImageOfPage":{"@id":"https:\/\/auschwitz.net\/es\/la-exposicion-auschwitz-se-presenta-en-el-museo-de-la-herencia-judia-de-nueva-york\/#primaryimage"},"image":{"@id":"https:\/\/auschwitz.net\/es\/la-exposicion-auschwitz-se-presenta-en-el-museo-de-la-herencia-judia-de-nueva-york\/#primaryimage"},"thumbnailUrl":"https:\/\/auschwitz.net\/wp-content\/uploads\/2019\/04\/Captura-de-pantalla-2019-05-02-a-las-12.35.20.png","datePublished":"2019-04-29T09:56:32+00:00","dateModified":"2019-05-02T16:37:19+00:00","author":{"@id":"https:\/\/auschwitz.net\/#\/schema\/person\/254b9fa5e9e47d8fc7cbf924240e9735"},"breadcrumb":{"@id":"https:\/\/auschwitz.net\/es\/la-exposicion-auschwitz-se-presenta-en-el-museo-de-la-herencia-judia-de-nueva-york\/#breadcrumb"},"inLanguage":"es","potentialAction":[{"@type":"ReadAction","target":["https:\/\/auschwitz.net\/es\/la-exposicion-auschwitz-se-presenta-en-el-museo-de-la-herencia-judia-de-nueva-york\/"]}]},{"@type":"ImageObject","inLanguage":"es","@id":"https:\/\/auschwitz.net\/es\/la-exposicion-auschwitz-se-presenta-en-el-museo-de-la-herencia-judia-de-nueva-york\/#primaryimage","url":"https:\/\/auschwitz.net\/wp-content\/uploads\/2019\/04\/Captura-de-pantalla-2019-05-02-a-las-12.35.20.png","contentUrl":"https:\/\/auschwitz.net\/wp-content\/uploads\/2019\/04\/Captura-de-pantalla-2019-05-02-a-las-12.35.20.png","width":1948,"height":1158,"caption":"Opening"},{"@type":"BreadcrumbList","@id":"https:\/\/auschwitz.net\/es\/la-exposicion-auschwitz-se-presenta-en-el-museo-de-la-herencia-judia-de-nueva-york\/#breadcrumb","itemListElement":[{"@type":"ListItem","position":1,"name":"Portada","item":"https:\/\/auschwitz.net\/es\/?page_id=17381"},{"@type":"ListItem","position":2,"name":"La exposici\u00f3n \u00abAuschwitz\u00bb se presenta en el Museo de la Herencia Jud\u00eda de Nueva York"}]},{"@type":"WebSite","@id":"https:\/\/auschwitz.net\/#website","url":"https:\/\/auschwitz.net\/","name":"Auschwitz","description":"Exposici\u00f3n Auschwitz, en Madrid hasta el 16 de junio de 2018. Una emotiva y rigurosa muestra sobre el mayor campo nazi alem\u00e1n, con m\u00e1s de 600 objetos originales.","potentialAction":[{"@type":"SearchAction","target":{"@type":"EntryPoint","urlTemplate":"https:\/\/auschwitz.net\/?s={search_term_string}"},"query-input":{"@type":"PropertyValueSpecification","valueRequired":true,"valueName":"search_term_string"}}],"inLanguage":"es"},{"@type":"Person","@id":"https:\/\/auschwitz.net\/#\/schema\/person\/254b9fa5e9e47d8fc7cbf924240e9735","name":"Auschwitz Exhibition","image":{"@type":"ImageObject","inLanguage":"es","@id":"https:\/\/auschwitz.net\/#\/schema\/person\/image\/","url":"https:\/\/secure.gravatar.com\/avatar\/b7fb7508f7906607487424635cc60d2d0859f0482242a09fbd0fcbfd88570f79?s=96&d=mm&r=g","contentUrl":"https:\/\/secure.gravatar.com\/avatar\/b7fb7508f7906607487424635cc60d2d0859f0482242a09fbd0fcbfd88570f79?s=96&d=mm&r=g","caption":"Auschwitz Exhibition"},"url":"https:\/\/auschwitz.net\/es\/author\/irene\/"}]}},"_links":{"self":[{"href":"https:\/\/auschwitz.net\/es\/wp-json\/wp\/v2\/posts\/11873","targetHints":{"allow":["GET"]}}],"collection":[{"href":"https:\/\/auschwitz.net\/es\/wp-json\/wp\/v2\/posts"}],"about":[{"href":"https:\/\/auschwitz.net\/es\/wp-json\/wp\/v2\/types\/post"}],"author":[{"embeddable":true,"href":"https:\/\/auschwitz.net\/es\/wp-json\/wp\/v2\/users\/6"}],"replies":[{"embeddable":true,"href":"https:\/\/auschwitz.net\/es\/wp-json\/wp\/v2\/comments?post=11873"}],"version-history":[{"count":6,"href":"https:\/\/auschwitz.net\/es\/wp-json\/wp\/v2\/posts\/11873\/revisions"}],"predecessor-version":[{"id":11925,"href":"https:\/\/auschwitz.net\/es\/wp-json\/wp\/v2\/posts\/11873\/revisions\/11925"}],"wp:featuredmedia":[{"embeddable":true,"href":"https:\/\/auschwitz.net\/es\/wp-json\/wp\/v2\/media\/11923"}],"wp:attachment":[{"href":"https:\/\/auschwitz.net\/es\/wp-json\/wp\/v2\/media?parent=11873"}],"wp:term":[{"taxonomy":"category","embeddable":true,"href":"https:\/\/auschwitz.net\/es\/wp-json\/wp\/v2\/categories?post=11873"},{"taxonomy":"post_tag","embeddable":true,"href":"https:\/\/auschwitz.net\/es\/wp-json\/wp\/v2\/tags?post=11873"}],"curies":[{"name":"wp","href":"https:\/\/api.w.org\/{rel}","templated":true}]}}