{"id":11220,"date":"2018-12-04T15:58:35","date_gmt":"2018-12-04T14:58:35","guid":{"rendered":"https:\/\/auschwitz.net\/?p=11220"},"modified":"2018-12-13T17:03:33","modified_gmt":"2018-12-13T16:03:33","slug":"auschwitz-supera-el-medio-millon-de-visitantes","status":"publish","type":"post","link":"https:\/\/auschwitz.net\/es\/auschwitz-supera-el-medio-millon-de-visitantes\/","title":{"rendered":"Auschwitz supera el medio mill\u00f3n de visitantes antes de encarar su cierre definitivo en Madrid"},"content":{"rendered":"","protected":false},"excerpt":{"rendered":"<p>La exposici\u00f3n monogr\u00e1fica sobre el campo nazi alem\u00e1n de Auschwitz que acoge el Centro de Exposiciones Arte Canal ha superado los 500.000 visitantes&#8230;<\/p>\n","protected":false},"author":4,"featured_media":11239,"comment_status":"closed","ping_status":"closed","sticky":false,"template":"","format":"standard","meta":{"footnotes":""},"categories":[3],"tags":[],"class_list":["post-11220","post","type-post","status-publish","format-standard","has-post-thumbnail","hentry","category-notas-de-prensa"],"yoast_head":"<!-- This site is optimized with the Yoast SEO plugin v26.8 - https:\/\/yoast.com\/product\/yoast-seo-wordpress\/ -->\n<title>Blog Exposici\u00f3n Auschwitz - Medio mill\u00f3n de visitantes en Madrid<\/title>\n<meta name=\"description\" content=\"La exposici\u00f3n monogr\u00e1fica sobre el campo nazi alem\u00e1n de Auschwitz que acoge el Centro de Exposiciones Arte Canal ha superado los 500.000 visitantes\" \/>\n<meta name=\"robots\" content=\"index, follow, max-snippet:-1, max-image-preview:large, max-video-preview:-1\" \/>\n<link rel=\"canonical\" href=\"https:\/\/auschwitz.net\/es\/auschwitz-supera-el-medio-millon-de-visitantes\/\" \/>\n<meta property=\"og:locale\" content=\"es_ES\" \/>\n<meta property=\"og:type\" content=\"article\" \/>\n<meta property=\"og:title\" content=\"Blog Exposici\u00f3n Auschwitz - Medio mill\u00f3n de visitantes en Madrid\" \/>\n<meta property=\"og:description\" content=\"La exposici\u00f3n monogr\u00e1fica sobre el campo nazi alem\u00e1n de Auschwitz que acoge el Centro de Exposiciones Arte Canal ha superado los 500.000 visitantes\" \/>\n<meta property=\"og:url\" content=\"https:\/\/auschwitz.net\/es\/auschwitz-supera-el-medio-millon-de-visitantes\/\" \/>\n<meta property=\"og:site_name\" content=\"Auschwitz\" \/>\n<meta property=\"article:publisher\" content=\"https:\/\/www.facebook.com\/auschwitzexhibition\/\" \/>\n<meta property=\"article:published_time\" content=\"2018-12-04T14:58:35+00:00\" \/>\n<meta property=\"article:modified_time\" content=\"2018-12-13T16:03:33+00:00\" \/>\n<meta property=\"og:image\" content=\"https:\/\/auschwitz.net\/wp-content\/uploads\/2018\/12\/Captura-de-pantalla-2018-12-13-a-las-16.00.25.png\" \/>\n\t<meta property=\"og:image:width\" content=\"598\" \/>\n\t<meta property=\"og:image:height\" content=\"398\" \/>\n\t<meta property=\"og:image:type\" content=\"image\/png\" \/>\n<meta name=\"author\" content=\"Auschwitz Exposition\" \/>\n<meta name=\"twitter:card\" content=\"summary_large_image\" \/>\n<meta name=\"twitter:creator\" content=\"@auschwitzxhibit\" \/>\n<meta name=\"twitter:site\" content=\"@auschwitzxhibit\" \/>\n<meta name=\"twitter:label1\" content=\"Escrito por\" \/>\n\t<meta name=\"twitter:data1\" content=\"Auschwitz Exposition\" \/>\n<script type=\"application\/ld+json\" class=\"yoast-schema-graph\">{\"@context\":\"https:\/\/schema.org\",\"@graph\":[{\"@type\":\"Article\",\"@id\":\"https:\/\/auschwitz.net\/es\/auschwitz-supera-el-medio-millon-de-visitantes\/#article\",\"isPartOf\":{\"@id\":\"https:\/\/auschwitz.net\/es\/auschwitz-supera-el-medio-millon-de-visitantes\/\"},\"author\":{\"name\":\"Auschwitz Exposition\",\"@id\":\"https:\/\/auschwitz.net\/#\/schema\/person\/1647a36e19e5cbf249b1d9884e8c6e89\"},\"headline\":\"Auschwitz supera el medio mill\u00f3n de visitantes antes de encarar su cierre definitivo en Madrid\",\"datePublished\":\"2018-12-04T14:58:35+00:00\",\"dateModified\":\"2018-12-13T16:03:33+00:00\",\"mainEntityOfPage\":{\"@id\":\"https:\/\/auschwitz.net\/es\/auschwitz-supera-el-medio-millon-de-visitantes\/\"},\"wordCount\":16,\"image\":{\"@id\":\"https:\/\/auschwitz.net\/es\/auschwitz-supera-el-medio-millon-de-visitantes\/#primaryimage\"},\"thumbnailUrl\":\"https:\/\/auschwitz.net\/wp-content\/uploads\/2018\/12\/Captura-de-pantalla-2018-12-13-a-las-16.00.25.png\",\"articleSection\":[\"Notas de prensa\"],\"inLanguage\":\"es\"},{\"@type\":\"WebPage\",\"@id\":\"https:\/\/auschwitz.net\/es\/auschwitz-supera-el-medio-millon-de-visitantes\/\",\"url\":\"https:\/\/auschwitz.net\/es\/auschwitz-supera-el-medio-millon-de-visitantes\/\",\"name\":\"Blog Exposici\u00f3n Auschwitz - Medio mill\u00f3n de visitantes en Madrid\",\"isPartOf\":{\"@id\":\"https:\/\/auschwitz.net\/#website\"},\"primaryImageOfPage\":{\"@id\":\"https:\/\/auschwitz.net\/es\/auschwitz-supera-el-medio-millon-de-visitantes\/#primaryimage\"},\"image\":{\"@id\":\"https:\/\/auschwitz.net\/es\/auschwitz-supera-el-medio-millon-de-visitantes\/#primaryimage\"},\"thumbnailUrl\":\"https:\/\/auschwitz.net\/wp-content\/uploads\/2018\/12\/Captura-de-pantalla-2018-12-13-a-las-16.00.25.png\",\"datePublished\":\"2018-12-04T14:58:35+00:00\",\"dateModified\":\"2018-12-13T16:03:33+00:00\",\"author\":{\"@id\":\"https:\/\/auschwitz.net\/#\/schema\/person\/1647a36e19e5cbf249b1d9884e8c6e89\"},\"description\":\"La exposici\u00f3n monogr\u00e1fica sobre el campo nazi alem\u00e1n de Auschwitz que acoge el Centro de Exposiciones Arte Canal ha superado los 500.000 visitantes\",\"breadcrumb\":{\"@id\":\"https:\/\/auschwitz.net\/es\/auschwitz-supera-el-medio-millon-de-visitantes\/#breadcrumb\"},\"inLanguage\":\"es\",\"potentialAction\":[{\"@type\":\"ReadAction\",\"target\":[\"https:\/\/auschwitz.net\/es\/auschwitz-supera-el-medio-millon-de-visitantes\/\"]}]},{\"@type\":\"ImageObject\",\"inLanguage\":\"es\",\"@id\":\"https:\/\/auschwitz.net\/es\/auschwitz-supera-el-medio-millon-de-visitantes\/#primaryimage\",\"url\":\"https:\/\/auschwitz.net\/wp-content\/uploads\/2018\/12\/Captura-de-pantalla-2018-12-13-a-las-16.00.25.png\",\"contentUrl\":\"https:\/\/auschwitz.net\/wp-content\/uploads\/2018\/12\/Captura-de-pantalla-2018-12-13-a-las-16.00.25.png\",\"width\":598,\"height\":398},{\"@type\":\"BreadcrumbList\",\"@id\":\"https:\/\/auschwitz.net\/es\/auschwitz-supera-el-medio-millon-de-visitantes\/#breadcrumb\",\"itemListElement\":[{\"@type\":\"ListItem\",\"position\":1,\"name\":\"Portada\",\"item\":\"https:\/\/auschwitz.net\/es\/?page_id=17381\"},{\"@type\":\"ListItem\",\"position\":2,\"name\":\"Auschwitz supera el medio mill\u00f3n de visitantes antes de encarar su cierre definitivo en Madrid\"}]},{\"@type\":\"WebSite\",\"@id\":\"https:\/\/auschwitz.net\/#website\",\"url\":\"https:\/\/auschwitz.net\/\",\"name\":\"Auschwitz\",\"description\":\"Exposici\u00f3n Auschwitz, en Madrid hasta el 16 de junio de 2018. Una emotiva y rigurosa muestra sobre el mayor campo nazi alem\u00e1n, con m\u00e1s de 600 objetos originales.\",\"potentialAction\":[{\"@type\":\"SearchAction\",\"target\":{\"@type\":\"EntryPoint\",\"urlTemplate\":\"https:\/\/auschwitz.net\/?s={search_term_string}\"},\"query-input\":{\"@type\":\"PropertyValueSpecification\",\"valueRequired\":true,\"valueName\":\"search_term_string\"}}],\"inLanguage\":\"es\"},{\"@type\":\"Person\",\"@id\":\"https:\/\/auschwitz.net\/#\/schema\/person\/1647a36e19e5cbf249b1d9884e8c6e89\",\"name\":\"Auschwitz Exposition\",\"image\":{\"@type\":\"ImageObject\",\"inLanguage\":\"es\",\"@id\":\"https:\/\/auschwitz.net\/#\/schema\/person\/image\/\",\"url\":\"https:\/\/secure.gravatar.com\/avatar\/b5673300d9cff332a43bd84d621bdd6e6f4d96c63b76b774333e5417117a8def?s=96&d=mm&r=g\",\"contentUrl\":\"https:\/\/secure.gravatar.com\/avatar\/b5673300d9cff332a43bd84d621bdd6e6f4d96c63b76b774333e5417117a8def?s=96&d=mm&r=g\",\"caption\":\"Auschwitz Exposition\"},\"url\":\"https:\/\/auschwitz.net\/es\/author\/auschwitz-exposition\/\"}]}<\/script>\n<!-- \/ Yoast SEO plugin. -->","yoast_head_json":{"title":"Blog Exposici\u00f3n Auschwitz - Medio mill\u00f3n de visitantes en Madrid","description":"La exposici\u00f3n monogr\u00e1fica sobre el campo nazi alem\u00e1n de Auschwitz que acoge el Centro de Exposiciones Arte Canal ha superado los 500.000 visitantes","robots":{"index":"index","follow":"follow","max-snippet":"max-snippet:-1","max-image-preview":"max-image-preview:large","max-video-preview":"max-video-preview:-1"},"canonical":"https:\/\/auschwitz.net\/es\/auschwitz-supera-el-medio-millon-de-visitantes\/","og_locale":"es_ES","og_type":"article","og_title":"Blog Exposici\u00f3n Auschwitz - Medio mill\u00f3n de visitantes en Madrid","og_description":"La exposici\u00f3n monogr\u00e1fica sobre el campo nazi alem\u00e1n de Auschwitz que acoge el Centro de Exposiciones Arte Canal ha superado los 500.000 visitantes","og_url":"https:\/\/auschwitz.net\/es\/auschwitz-supera-el-medio-millon-de-visitantes\/","og_site_name":"Auschwitz","article_publisher":"https:\/\/www.facebook.com\/auschwitzexhibition\/","article_published_time":"2018-12-04T14:58:35+00:00","article_modified_time":"2018-12-13T16:03:33+00:00","og_image":[{"width":598,"height":398,"url":"https:\/\/auschwitz.net\/wp-content\/uploads\/2018\/12\/Captura-de-pantalla-2018-12-13-a-las-16.00.25.png","type":"image\/png"}],"author":"Auschwitz Exposition","twitter_card":"summary_large_image","twitter_creator":"@auschwitzxhibit","twitter_site":"@auschwitzxhibit","twitter_misc":{"Escrito por":"Auschwitz Exposition"},"schema":{"@context":"https:\/\/schema.org","@graph":[{"@type":"Article","@id":"https:\/\/auschwitz.net\/es\/auschwitz-supera-el-medio-millon-de-visitantes\/#article","isPartOf":{"@id":"https:\/\/auschwitz.net\/es\/auschwitz-supera-el-medio-millon-de-visitantes\/"},"author":{"name":"Auschwitz Exposition","@id":"https:\/\/auschwitz.net\/#\/schema\/person\/1647a36e19e5cbf249b1d9884e8c6e89"},"headline":"Auschwitz supera el medio mill\u00f3n de visitantes antes de encarar su cierre definitivo en Madrid","datePublished":"2018-12-04T14:58:35+00:00","dateModified":"2018-12-13T16:03:33+00:00","mainEntityOfPage":{"@id":"https:\/\/auschwitz.net\/es\/auschwitz-supera-el-medio-millon-de-visitantes\/"},"wordCount":16,"image":{"@id":"https:\/\/auschwitz.net\/es\/auschwitz-supera-el-medio-millon-de-visitantes\/#primaryimage"},"thumbnailUrl":"https:\/\/auschwitz.net\/wp-content\/uploads\/2018\/12\/Captura-de-pantalla-2018-12-13-a-las-16.00.25.png","articleSection":["Notas de prensa"],"inLanguage":"es"},{"@type":"WebPage","@id":"https:\/\/auschwitz.net\/es\/auschwitz-supera-el-medio-millon-de-visitantes\/","url":"https:\/\/auschwitz.net\/es\/auschwitz-supera-el-medio-millon-de-visitantes\/","name":"Blog Exposici\u00f3n Auschwitz - Medio mill\u00f3n de visitantes en Madrid","isPartOf":{"@id":"https:\/\/auschwitz.net\/#website"},"primaryImageOfPage":{"@id":"https:\/\/auschwitz.net\/es\/auschwitz-supera-el-medio-millon-de-visitantes\/#primaryimage"},"image":{"@id":"https:\/\/auschwitz.net\/es\/auschwitz-supera-el-medio-millon-de-visitantes\/#primaryimage"},"thumbnailUrl":"https:\/\/auschwitz.net\/wp-content\/uploads\/2018\/12\/Captura-de-pantalla-2018-12-13-a-las-16.00.25.png","datePublished":"2018-12-04T14:58:35+00:00","dateModified":"2018-12-13T16:03:33+00:00","author":{"@id":"https:\/\/auschwitz.net\/#\/schema\/person\/1647a36e19e5cbf249b1d9884e8c6e89"},"description":"La exposici\u00f3n monogr\u00e1fica sobre el campo nazi alem\u00e1n de Auschwitz que acoge el Centro de Exposiciones Arte Canal ha superado los 500.000 visitantes","breadcrumb":{"@id":"https:\/\/auschwitz.net\/es\/auschwitz-supera-el-medio-millon-de-visitantes\/#breadcrumb"},"inLanguage":"es","potentialAction":[{"@type":"ReadAction","target":["https:\/\/auschwitz.net\/es\/auschwitz-supera-el-medio-millon-de-visitantes\/"]}]},{"@type":"ImageObject","inLanguage":"es","@id":"https:\/\/auschwitz.net\/es\/auschwitz-supera-el-medio-millon-de-visitantes\/#primaryimage","url":"https:\/\/auschwitz.net\/wp-content\/uploads\/2018\/12\/Captura-de-pantalla-2018-12-13-a-las-16.00.25.png","contentUrl":"https:\/\/auschwitz.net\/wp-content\/uploads\/2018\/12\/Captura-de-pantalla-2018-12-13-a-las-16.00.25.png","width":598,"height":398},{"@type":"BreadcrumbList","@id":"https:\/\/auschwitz.net\/es\/auschwitz-supera-el-medio-millon-de-visitantes\/#breadcrumb","itemListElement":[{"@type":"ListItem","position":1,"name":"Portada","item":"https:\/\/auschwitz.net\/es\/?page_id=17381"},{"@type":"ListItem","position":2,"name":"Auschwitz supera el medio mill\u00f3n de visitantes antes de encarar su cierre definitivo en Madrid"}]},{"@type":"WebSite","@id":"https:\/\/auschwitz.net\/#website","url":"https:\/\/auschwitz.net\/","name":"Auschwitz","description":"Exposici\u00f3n Auschwitz, en Madrid hasta el 16 de junio de 2018. Una emotiva y rigurosa muestra sobre el mayor campo nazi alem\u00e1n, con m\u00e1s de 600 objetos originales.","potentialAction":[{"@type":"SearchAction","target":{"@type":"EntryPoint","urlTemplate":"https:\/\/auschwitz.net\/?s={search_term_string}"},"query-input":{"@type":"PropertyValueSpecification","valueRequired":true,"valueName":"search_term_string"}}],"inLanguage":"es"},{"@type":"Person","@id":"https:\/\/auschwitz.net\/#\/schema\/person\/1647a36e19e5cbf249b1d9884e8c6e89","name":"Auschwitz Exposition","image":{"@type":"ImageObject","inLanguage":"es","@id":"https:\/\/auschwitz.net\/#\/schema\/person\/image\/","url":"https:\/\/secure.gravatar.com\/avatar\/b5673300d9cff332a43bd84d621bdd6e6f4d96c63b76b774333e5417117a8def?s=96&d=mm&r=g","contentUrl":"https:\/\/secure.gravatar.com\/avatar\/b5673300d9cff332a43bd84d621bdd6e6f4d96c63b76b774333e5417117a8def?s=96&d=mm&r=g","caption":"Auschwitz Exposition"},"url":"https:\/\/auschwitz.net\/es\/author\/auschwitz-exposition\/"}]}},"_links":{"self":[{"href":"https:\/\/auschwitz.net\/es\/wp-json\/wp\/v2\/posts\/11220","targetHints":{"allow":["GET"]}}],"collection":[{"href":"https:\/\/auschwitz.net\/es\/wp-json\/wp\/v2\/posts"}],"about":[{"href":"https:\/\/auschwitz.net\/es\/wp-json\/wp\/v2\/types\/post"}],"author":[{"embeddable":true,"href":"https:\/\/auschwitz.net\/es\/wp-json\/wp\/v2\/users\/4"}],"replies":[{"embeddable":true,"href":"https:\/\/auschwitz.net\/es\/wp-json\/wp\/v2\/comments?post=11220"}],"version-history":[{"count":5,"href":"https:\/\/auschwitz.net\/es\/wp-json\/wp\/v2\/posts\/11220\/revisions"}],"predecessor-version":[{"id":11246,"href":"https:\/\/auschwitz.net\/es\/wp-json\/wp\/v2\/posts\/11220\/revisions\/11246"}],"wp:featuredmedia":[{"embeddable":true,"href":"https:\/\/auschwitz.net\/es\/wp-json\/wp\/v2\/media\/11239"}],"wp:attachment":[{"href":"https:\/\/auschwitz.net\/es\/wp-json\/wp\/v2\/media?parent=11220"}],"wp:term":[{"taxonomy":"category","embeddable":true,"href":"https:\/\/auschwitz.net\/es\/wp-json\/wp\/v2\/categories?post=11220"},{"taxonomy":"post_tag","embeddable":true,"href":"https:\/\/auschwitz.net\/es\/wp-json\/wp\/v2\/tags?post=11220"}],"curies":[{"name":"wp","href":"https:\/\/api.w.org\/{rel}","templated":true}]}}