{"id":10651,"date":"2018-06-04T16:47:05","date_gmt":"2018-06-04T14:47:05","guid":{"rendered":"https:\/\/auschwitz.net\/?p=10651"},"modified":"2018-06-06T13:36:12","modified_gmt":"2018-06-06T11:36:12","slug":"la-exposicionsasas","status":"publish","type":"post","link":"https:\/\/auschwitz.net\/es\/la-exposicionsasas\/","title":{"rendered":"La exposici\u00f3n Auschwitz se prorroga en Madrid cuatro meses"},"content":{"rendered":"","protected":false},"excerpt":{"rendered":"<p>La Comunidad de Madrid, Canal de Isabel II y Musealia han ampliado hasta el 7 de octubre de 2018 la estancia de exposici\u00f3n \u2018Auschwitz. No hace mucho. No muy lejos\u2019 en el Centro de Exposiciones Arte Canal de Madrid, tras superar las 350.000 entradas desde su apertura en diciembre.<\/p>\n","protected":false},"author":6,"featured_media":10653,"comment_status":"closed","ping_status":"closed","sticky":false,"template":"","format":"standard","meta":{"footnotes":""},"categories":[3],"tags":[133,134,101,129,90,135,109,91,75,131,137,136,130,132],"class_list":["post-10651","post","type-post","status-publish","format-standard","has-post-thumbnail","hentry","category-notas-de-prensa","tag-agenda-cultural-madrid","tag-ampliacion-auschwitz-madrid","tag-auschwitz","tag-auschwitz-en-madrid","tag-auschwitz-exhibit","tag-campamentos-madrid","tag-centro-arte-canal","tag-cultura-madrid","tag-holocausto","tag-madrid","tag-madrid-ninos-cultura","tag-planes-culturales-madrid","tag-shoa","tag-verano-madrid"],"yoast_head":"<!-- This site is optimized with the Yoast SEO plugin v26.8 - https:\/\/yoast.com\/product\/yoast-seo-wordpress\/ -->\n<title>La exposici\u00f3n Auschwitz se prorroga en Madrid cuatro meses - Auschwitz<\/title>\n<meta name=\"robots\" content=\"index, follow, max-snippet:-1, max-image-preview:large, max-video-preview:-1\" \/>\n<link rel=\"canonical\" href=\"https:\/\/auschwitz.net\/es\/la-exposicionsasas\/\" \/>\n<meta property=\"og:locale\" content=\"es_ES\" \/>\n<meta property=\"og:type\" content=\"article\" \/>\n<meta property=\"og:title\" content=\"La exposici\u00f3n Auschwitz se prorroga en Madrid cuatro meses - Auschwitz\" \/>\n<meta property=\"og:description\" content=\"La Comunidad de Madrid, Canal de Isabel II y Musealia han ampliado hasta el 7 de octubre de 2018 la estancia de exposici\u00f3n \u2018Auschwitz. No hace mucho. No muy lejos\u2019 en el Centro de Exposiciones Arte Canal de Madrid, tras superar las 350.000 entradas desde su apertura en diciembre.\" \/>\n<meta property=\"og:url\" content=\"https:\/\/auschwitz.net\/es\/la-exposicionsasas\/\" \/>\n<meta property=\"og:site_name\" content=\"Auschwitz\" \/>\n<meta property=\"article:publisher\" content=\"https:\/\/www.facebook.com\/auschwitzexhibition\/\" \/>\n<meta property=\"article:published_time\" content=\"2018-06-04T14:47:05+00:00\" \/>\n<meta property=\"article:modified_time\" content=\"2018-06-06T11:36:12+00:00\" \/>\n<meta property=\"og:image\" content=\"https:\/\/auschwitz.net\/wp-content\/uploads\/2018\/06\/ndp-ampliacion.jpg\" \/>\n\t<meta property=\"og:image:width\" content=\"800\" \/>\n\t<meta property=\"og:image:height\" content=\"533\" \/>\n\t<meta property=\"og:image:type\" content=\"image\/jpeg\" \/>\n<meta name=\"author\" content=\"Auschwitz Exhibition\" \/>\n<meta name=\"twitter:card\" content=\"summary_large_image\" \/>\n<meta name=\"twitter:creator\" content=\"@auschwitzxhibit\" \/>\n<meta name=\"twitter:site\" content=\"@auschwitzxhibit\" \/>\n<meta name=\"twitter:label1\" content=\"Escrito por\" \/>\n\t<meta name=\"twitter:data1\" content=\"Auschwitz Exhibition\" \/>\n<script type=\"application\/ld+json\" class=\"yoast-schema-graph\">{\"@context\":\"https:\/\/schema.org\",\"@graph\":[{\"@type\":\"Article\",\"@id\":\"https:\/\/auschwitz.net\/es\/la-exposicionsasas\/#article\",\"isPartOf\":{\"@id\":\"https:\/\/auschwitz.net\/es\/la-exposicionsasas\/\"},\"author\":{\"name\":\"Auschwitz Exhibition\",\"@id\":\"https:\/\/auschwitz.net\/#\/schema\/person\/254b9fa5e9e47d8fc7cbf924240e9735\"},\"headline\":\"La exposici\u00f3n Auschwitz se prorroga en Madrid cuatro meses\",\"datePublished\":\"2018-06-04T14:47:05+00:00\",\"dateModified\":\"2018-06-06T11:36:12+00:00\",\"mainEntityOfPage\":{\"@id\":\"https:\/\/auschwitz.net\/es\/la-exposicionsasas\/\"},\"wordCount\":10,\"image\":{\"@id\":\"https:\/\/auschwitz.net\/es\/la-exposicionsasas\/#primaryimage\"},\"thumbnailUrl\":\"https:\/\/auschwitz.net\/wp-content\/uploads\/2018\/06\/ndp-ampliacion.jpg\",\"keywords\":[\"agenda-cultural-Madrid\",\"Ampliaci\u00f3n-Auschwitz-Madrid\",\"Auschwitz\",\"Auschwitz-en-Madrid\",\"Auschwitz-Exhibit\",\"campamentos-Madrid\",\"Centro-Arte-Canal\",\"Cultura-Madrid\",\"holocausto\",\"Madrid\",\"Madrid-ni\u00f1os-cultura\",\"planes-culturales-Madrid\",\"Shoa\",\"Verano-Madrid\"],\"articleSection\":[\"Notas de prensa\"],\"inLanguage\":\"es\"},{\"@type\":\"WebPage\",\"@id\":\"https:\/\/auschwitz.net\/es\/la-exposicionsasas\/\",\"url\":\"https:\/\/auschwitz.net\/es\/la-exposicionsasas\/\",\"name\":\"La exposici\u00f3n Auschwitz se prorroga en Madrid cuatro meses - Auschwitz\",\"isPartOf\":{\"@id\":\"https:\/\/auschwitz.net\/#website\"},\"primaryImageOfPage\":{\"@id\":\"https:\/\/auschwitz.net\/es\/la-exposicionsasas\/#primaryimage\"},\"image\":{\"@id\":\"https:\/\/auschwitz.net\/es\/la-exposicionsasas\/#primaryimage\"},\"thumbnailUrl\":\"https:\/\/auschwitz.net\/wp-content\/uploads\/2018\/06\/ndp-ampliacion.jpg\",\"datePublished\":\"2018-06-04T14:47:05+00:00\",\"dateModified\":\"2018-06-06T11:36:12+00:00\",\"author\":{\"@id\":\"https:\/\/auschwitz.net\/#\/schema\/person\/254b9fa5e9e47d8fc7cbf924240e9735\"},\"breadcrumb\":{\"@id\":\"https:\/\/auschwitz.net\/es\/la-exposicionsasas\/#breadcrumb\"},\"inLanguage\":\"es\",\"potentialAction\":[{\"@type\":\"ReadAction\",\"target\":[\"https:\/\/auschwitz.net\/es\/la-exposicionsasas\/\"]}]},{\"@type\":\"ImageObject\",\"inLanguage\":\"es\",\"@id\":\"https:\/\/auschwitz.net\/es\/la-exposicionsasas\/#primaryimage\",\"url\":\"https:\/\/auschwitz.net\/wp-content\/uploads\/2018\/06\/ndp-ampliacion.jpg\",\"contentUrl\":\"https:\/\/auschwitz.net\/wp-content\/uploads\/2018\/06\/ndp-ampliacion.jpg\",\"width\":800,\"height\":533},{\"@type\":\"BreadcrumbList\",\"@id\":\"https:\/\/auschwitz.net\/es\/la-exposicionsasas\/#breadcrumb\",\"itemListElement\":[{\"@type\":\"ListItem\",\"position\":1,\"name\":\"Portada\",\"item\":\"https:\/\/auschwitz.net\/es\/?page_id=17381\"},{\"@type\":\"ListItem\",\"position\":2,\"name\":\"La exposici\u00f3n Auschwitz se prorroga en Madrid cuatro meses\"}]},{\"@type\":\"WebSite\",\"@id\":\"https:\/\/auschwitz.net\/#website\",\"url\":\"https:\/\/auschwitz.net\/\",\"name\":\"Auschwitz\",\"description\":\"Exposici\u00f3n Auschwitz, en Madrid hasta el 16 de junio de 2018. Una emotiva y rigurosa muestra sobre el mayor campo nazi alem\u00e1n, con m\u00e1s de 600 objetos originales.\",\"potentialAction\":[{\"@type\":\"SearchAction\",\"target\":{\"@type\":\"EntryPoint\",\"urlTemplate\":\"https:\/\/auschwitz.net\/?s={search_term_string}\"},\"query-input\":{\"@type\":\"PropertyValueSpecification\",\"valueRequired\":true,\"valueName\":\"search_term_string\"}}],\"inLanguage\":\"es\"},{\"@type\":\"Person\",\"@id\":\"https:\/\/auschwitz.net\/#\/schema\/person\/254b9fa5e9e47d8fc7cbf924240e9735\",\"name\":\"Auschwitz Exhibition\",\"image\":{\"@type\":\"ImageObject\",\"inLanguage\":\"es\",\"@id\":\"https:\/\/auschwitz.net\/#\/schema\/person\/image\/\",\"url\":\"https:\/\/secure.gravatar.com\/avatar\/b7fb7508f7906607487424635cc60d2d0859f0482242a09fbd0fcbfd88570f79?s=96&d=mm&r=g\",\"contentUrl\":\"https:\/\/secure.gravatar.com\/avatar\/b7fb7508f7906607487424635cc60d2d0859f0482242a09fbd0fcbfd88570f79?s=96&d=mm&r=g\",\"caption\":\"Auschwitz Exhibition\"},\"url\":\"https:\/\/auschwitz.net\/es\/author\/irene\/\"}]}<\/script>\n<!-- \/ Yoast SEO plugin. -->","yoast_head_json":{"title":"La exposici\u00f3n Auschwitz se prorroga en Madrid cuatro meses - Auschwitz","robots":{"index":"index","follow":"follow","max-snippet":"max-snippet:-1","max-image-preview":"max-image-preview:large","max-video-preview":"max-video-preview:-1"},"canonical":"https:\/\/auschwitz.net\/es\/la-exposicionsasas\/","og_locale":"es_ES","og_type":"article","og_title":"La exposici\u00f3n Auschwitz se prorroga en Madrid cuatro meses - Auschwitz","og_description":"La Comunidad de Madrid, Canal de Isabel II y Musealia han ampliado hasta el 7 de octubre de 2018 la estancia de exposici\u00f3n \u2018Auschwitz. No hace mucho. No muy lejos\u2019 en el Centro de Exposiciones Arte Canal de Madrid, tras superar las 350.000 entradas desde su apertura en diciembre.","og_url":"https:\/\/auschwitz.net\/es\/la-exposicionsasas\/","og_site_name":"Auschwitz","article_publisher":"https:\/\/www.facebook.com\/auschwitzexhibition\/","article_published_time":"2018-06-04T14:47:05+00:00","article_modified_time":"2018-06-06T11:36:12+00:00","og_image":[{"width":800,"height":533,"url":"https:\/\/auschwitz.net\/wp-content\/uploads\/2018\/06\/ndp-ampliacion.jpg","type":"image\/jpeg"}],"author":"Auschwitz Exhibition","twitter_card":"summary_large_image","twitter_creator":"@auschwitzxhibit","twitter_site":"@auschwitzxhibit","twitter_misc":{"Escrito por":"Auschwitz Exhibition"},"schema":{"@context":"https:\/\/schema.org","@graph":[{"@type":"Article","@id":"https:\/\/auschwitz.net\/es\/la-exposicionsasas\/#article","isPartOf":{"@id":"https:\/\/auschwitz.net\/es\/la-exposicionsasas\/"},"author":{"name":"Auschwitz Exhibition","@id":"https:\/\/auschwitz.net\/#\/schema\/person\/254b9fa5e9e47d8fc7cbf924240e9735"},"headline":"La exposici\u00f3n Auschwitz se prorroga en Madrid cuatro meses","datePublished":"2018-06-04T14:47:05+00:00","dateModified":"2018-06-06T11:36:12+00:00","mainEntityOfPage":{"@id":"https:\/\/auschwitz.net\/es\/la-exposicionsasas\/"},"wordCount":10,"image":{"@id":"https:\/\/auschwitz.net\/es\/la-exposicionsasas\/#primaryimage"},"thumbnailUrl":"https:\/\/auschwitz.net\/wp-content\/uploads\/2018\/06\/ndp-ampliacion.jpg","keywords":["agenda-cultural-Madrid","Ampliaci\u00f3n-Auschwitz-Madrid","Auschwitz","Auschwitz-en-Madrid","Auschwitz-Exhibit","campamentos-Madrid","Centro-Arte-Canal","Cultura-Madrid","holocausto","Madrid","Madrid-ni\u00f1os-cultura","planes-culturales-Madrid","Shoa","Verano-Madrid"],"articleSection":["Notas de prensa"],"inLanguage":"es"},{"@type":"WebPage","@id":"https:\/\/auschwitz.net\/es\/la-exposicionsasas\/","url":"https:\/\/auschwitz.net\/es\/la-exposicionsasas\/","name":"La exposici\u00f3n Auschwitz se prorroga en Madrid cuatro meses - Auschwitz","isPartOf":{"@id":"https:\/\/auschwitz.net\/#website"},"primaryImageOfPage":{"@id":"https:\/\/auschwitz.net\/es\/la-exposicionsasas\/#primaryimage"},"image":{"@id":"https:\/\/auschwitz.net\/es\/la-exposicionsasas\/#primaryimage"},"thumbnailUrl":"https:\/\/auschwitz.net\/wp-content\/uploads\/2018\/06\/ndp-ampliacion.jpg","datePublished":"2018-06-04T14:47:05+00:00","dateModified":"2018-06-06T11:36:12+00:00","author":{"@id":"https:\/\/auschwitz.net\/#\/schema\/person\/254b9fa5e9e47d8fc7cbf924240e9735"},"breadcrumb":{"@id":"https:\/\/auschwitz.net\/es\/la-exposicionsasas\/#breadcrumb"},"inLanguage":"es","potentialAction":[{"@type":"ReadAction","target":["https:\/\/auschwitz.net\/es\/la-exposicionsasas\/"]}]},{"@type":"ImageObject","inLanguage":"es","@id":"https:\/\/auschwitz.net\/es\/la-exposicionsasas\/#primaryimage","url":"https:\/\/auschwitz.net\/wp-content\/uploads\/2018\/06\/ndp-ampliacion.jpg","contentUrl":"https:\/\/auschwitz.net\/wp-content\/uploads\/2018\/06\/ndp-ampliacion.jpg","width":800,"height":533},{"@type":"BreadcrumbList","@id":"https:\/\/auschwitz.net\/es\/la-exposicionsasas\/#breadcrumb","itemListElement":[{"@type":"ListItem","position":1,"name":"Portada","item":"https:\/\/auschwitz.net\/es\/?page_id=17381"},{"@type":"ListItem","position":2,"name":"La exposici\u00f3n Auschwitz se prorroga en Madrid cuatro meses"}]},{"@type":"WebSite","@id":"https:\/\/auschwitz.net\/#website","url":"https:\/\/auschwitz.net\/","name":"Auschwitz","description":"Exposici\u00f3n Auschwitz, en Madrid hasta el 16 de junio de 2018. Una emotiva y rigurosa muestra sobre el mayor campo nazi alem\u00e1n, con m\u00e1s de 600 objetos originales.","potentialAction":[{"@type":"SearchAction","target":{"@type":"EntryPoint","urlTemplate":"https:\/\/auschwitz.net\/?s={search_term_string}"},"query-input":{"@type":"PropertyValueSpecification","valueRequired":true,"valueName":"search_term_string"}}],"inLanguage":"es"},{"@type":"Person","@id":"https:\/\/auschwitz.net\/#\/schema\/person\/254b9fa5e9e47d8fc7cbf924240e9735","name":"Auschwitz Exhibition","image":{"@type":"ImageObject","inLanguage":"es","@id":"https:\/\/auschwitz.net\/#\/schema\/person\/image\/","url":"https:\/\/secure.gravatar.com\/avatar\/b7fb7508f7906607487424635cc60d2d0859f0482242a09fbd0fcbfd88570f79?s=96&d=mm&r=g","contentUrl":"https:\/\/secure.gravatar.com\/avatar\/b7fb7508f7906607487424635cc60d2d0859f0482242a09fbd0fcbfd88570f79?s=96&d=mm&r=g","caption":"Auschwitz Exhibition"},"url":"https:\/\/auschwitz.net\/es\/author\/irene\/"}]}},"_links":{"self":[{"href":"https:\/\/auschwitz.net\/es\/wp-json\/wp\/v2\/posts\/10651","targetHints":{"allow":["GET"]}}],"collection":[{"href":"https:\/\/auschwitz.net\/es\/wp-json\/wp\/v2\/posts"}],"about":[{"href":"https:\/\/auschwitz.net\/es\/wp-json\/wp\/v2\/types\/post"}],"author":[{"embeddable":true,"href":"https:\/\/auschwitz.net\/es\/wp-json\/wp\/v2\/users\/6"}],"replies":[{"embeddable":true,"href":"https:\/\/auschwitz.net\/es\/wp-json\/wp\/v2\/comments?post=10651"}],"version-history":[{"count":5,"href":"https:\/\/auschwitz.net\/es\/wp-json\/wp\/v2\/posts\/10651\/revisions"}],"predecessor-version":[{"id":10689,"href":"https:\/\/auschwitz.net\/es\/wp-json\/wp\/v2\/posts\/10651\/revisions\/10689"}],"wp:featuredmedia":[{"embeddable":true,"href":"https:\/\/auschwitz.net\/es\/wp-json\/wp\/v2\/media\/10653"}],"wp:attachment":[{"href":"https:\/\/auschwitz.net\/es\/wp-json\/wp\/v2\/media?parent=10651"}],"wp:term":[{"taxonomy":"category","embeddable":true,"href":"https:\/\/auschwitz.net\/es\/wp-json\/wp\/v2\/categories?post=10651"},{"taxonomy":"post_tag","embeddable":true,"href":"https:\/\/auschwitz.net\/es\/wp-json\/wp\/v2\/tags?post=10651"}],"curies":[{"name":"wp","href":"https:\/\/api.w.org\/{rel}","templated":true}]}}