{"id":10187,"date":"2018-03-22T15:30:38","date_gmt":"2018-03-22T14:30:38","guid":{"rendered":"https:\/\/auschwitz.net\/?p=10187"},"modified":"2018-03-22T15:31:53","modified_gmt":"2018-03-22T14:31:53","slug":"dia-mundial-agua","status":"publish","type":"post","link":"https:\/\/auschwitz.net\/es\/dia-mundial-agua\/","title":{"rendered":"22 de marzo, precios reducidos para acceder a la exposici\u00f3n"},"content":{"rendered":"","protected":false},"excerpt":{"rendered":"<p>El d\u00eda 22 de marzo, pa\u00edses de todo el mundo celebran el\u00a0D\u00eda Mundial del Agua, fecha escogida por las Naciones Unidas para llamar la atenci\u00f3n sobre el papel que este recurso juega en la reducci\u00f3n de la pobreza, el crecimiento econ\u00f3mico&#8230;<\/p>\n","protected":false},"author":6,"featured_media":10190,"comment_status":"closed","ping_status":"closed","sticky":false,"template":"","format":"standard","meta":{"footnotes":""},"categories":[3],"tags":[],"class_list":["post-10187","post","type-post","status-publish","format-standard","has-post-thumbnail","hentry","category-notas-de-prensa"],"yoast_head":"<!-- This site is optimized with the Yoast SEO plugin v26.8 - https:\/\/yoast.com\/product\/yoast-seo-wordpress\/ -->\n<title>Notas de prensa - Exposici\u00f3n Auschwitz - 22 de marzo, D\u00eda Mundial del Agua<\/title>\n<meta name=\"description\" content=\"Gracias a la colaboraci\u00f3n del\u00a0Canal de Isabel II\u00a0de Madrid, en cuyas instalaciones se aloja la exposici\u00f3n Auschwitz, las entradas para visitar la muestra tendr\u00e1n\u00a0durante la jornada del d\u00eda 22 un precio reducido de 6 \u20ac\u00a0(7 \u20ac con audiogu\u00eda), con el fin de unirse a este llamamiento mundial.\" \/>\n<meta name=\"robots\" content=\"index, follow, max-snippet:-1, max-image-preview:large, max-video-preview:-1\" \/>\n<link rel=\"canonical\" href=\"https:\/\/auschwitz.net\/es\/dia-mundial-agua\/\" \/>\n<meta property=\"og:locale\" content=\"es_ES\" \/>\n<meta property=\"og:type\" content=\"article\" \/>\n<meta property=\"og:title\" content=\"Notas de prensa - Exposici\u00f3n Auschwitz - 22 de marzo, D\u00eda Mundial del Agua\" \/>\n<meta property=\"og:description\" content=\"Gracias a la colaboraci\u00f3n del\u00a0Canal de Isabel II\u00a0de Madrid, en cuyas instalaciones se aloja la exposici\u00f3n Auschwitz, las entradas para visitar la muestra tendr\u00e1n\u00a0durante la jornada del d\u00eda 22 un precio reducido de 6 \u20ac\u00a0(7 \u20ac con audiogu\u00eda), con el fin de unirse a este llamamiento mundial.\" \/>\n<meta property=\"og:url\" content=\"https:\/\/auschwitz.net\/es\/dia-mundial-agua\/\" \/>\n<meta property=\"og:site_name\" content=\"Auschwitz\" \/>\n<meta property=\"article:publisher\" content=\"https:\/\/www.facebook.com\/auschwitzexhibition\/\" \/>\n<meta property=\"article:published_time\" content=\"2018-03-22T14:30:38+00:00\" \/>\n<meta property=\"article:modified_time\" content=\"2018-03-22T14:31:53+00:00\" \/>\n<meta property=\"og:image\" content=\"https:\/\/auschwitz.net\/wp-content\/uploads\/2018\/03\/Captura-de-pantalla-2018-03-19-a-las-18.49.18.png\" \/>\n\t<meta property=\"og:image:width\" content=\"1192\" \/>\n\t<meta property=\"og:image:height\" content=\"608\" \/>\n\t<meta property=\"og:image:type\" content=\"image\/png\" \/>\n<meta name=\"author\" content=\"Auschwitz Exhibition\" \/>\n<meta name=\"twitter:card\" content=\"summary_large_image\" \/>\n<meta name=\"twitter:creator\" content=\"@auschwitzxhibit\" \/>\n<meta name=\"twitter:site\" content=\"@auschwitzxhibit\" \/>\n<meta name=\"twitter:label1\" content=\"Escrito por\" \/>\n\t<meta name=\"twitter:data1\" content=\"Auschwitz Exhibition\" \/>\n<script type=\"application\/ld+json\" class=\"yoast-schema-graph\">{\"@context\":\"https:\/\/schema.org\",\"@graph\":[{\"@type\":\"Article\",\"@id\":\"https:\/\/auschwitz.net\/es\/dia-mundial-agua\/#article\",\"isPartOf\":{\"@id\":\"https:\/\/auschwitz.net\/es\/dia-mundial-agua\/\"},\"author\":{\"name\":\"Auschwitz Exhibition\",\"@id\":\"https:\/\/auschwitz.net\/#\/schema\/person\/254b9fa5e9e47d8fc7cbf924240e9735\"},\"headline\":\"22 de marzo, precios reducidos para acceder a la exposici\u00f3n\",\"datePublished\":\"2018-03-22T14:30:38+00:00\",\"dateModified\":\"2018-03-22T14:31:53+00:00\",\"mainEntityOfPage\":{\"@id\":\"https:\/\/auschwitz.net\/es\/dia-mundial-agua\/\"},\"wordCount\":10,\"image\":{\"@id\":\"https:\/\/auschwitz.net\/es\/dia-mundial-agua\/#primaryimage\"},\"thumbnailUrl\":\"https:\/\/auschwitz.net\/wp-content\/uploads\/2018\/03\/Captura-de-pantalla-2018-03-19-a-las-18.49.18.png\",\"articleSection\":[\"Notas de prensa\"],\"inLanguage\":\"es\"},{\"@type\":\"WebPage\",\"@id\":\"https:\/\/auschwitz.net\/es\/dia-mundial-agua\/\",\"url\":\"https:\/\/auschwitz.net\/es\/dia-mundial-agua\/\",\"name\":\"Notas de prensa - Exposici\u00f3n Auschwitz - 22 de marzo, D\u00eda Mundial del Agua\",\"isPartOf\":{\"@id\":\"https:\/\/auschwitz.net\/#website\"},\"primaryImageOfPage\":{\"@id\":\"https:\/\/auschwitz.net\/es\/dia-mundial-agua\/#primaryimage\"},\"image\":{\"@id\":\"https:\/\/auschwitz.net\/es\/dia-mundial-agua\/#primaryimage\"},\"thumbnailUrl\":\"https:\/\/auschwitz.net\/wp-content\/uploads\/2018\/03\/Captura-de-pantalla-2018-03-19-a-las-18.49.18.png\",\"datePublished\":\"2018-03-22T14:30:38+00:00\",\"dateModified\":\"2018-03-22T14:31:53+00:00\",\"author\":{\"@id\":\"https:\/\/auschwitz.net\/#\/schema\/person\/254b9fa5e9e47d8fc7cbf924240e9735\"},\"description\":\"Gracias a la colaboraci\u00f3n del\u00a0Canal de Isabel II\u00a0de Madrid, en cuyas instalaciones se aloja la exposici\u00f3n Auschwitz, las entradas para visitar la muestra tendr\u00e1n\u00a0durante la jornada del d\u00eda 22 un precio reducido de 6 \u20ac\u00a0(7 \u20ac con audiogu\u00eda), con el fin de unirse a este llamamiento mundial.\",\"breadcrumb\":{\"@id\":\"https:\/\/auschwitz.net\/es\/dia-mundial-agua\/#breadcrumb\"},\"inLanguage\":\"es\",\"potentialAction\":[{\"@type\":\"ReadAction\",\"target\":[\"https:\/\/auschwitz.net\/es\/dia-mundial-agua\/\"]}]},{\"@type\":\"ImageObject\",\"inLanguage\":\"es\",\"@id\":\"https:\/\/auschwitz.net\/es\/dia-mundial-agua\/#primaryimage\",\"url\":\"https:\/\/auschwitz.net\/wp-content\/uploads\/2018\/03\/Captura-de-pantalla-2018-03-19-a-las-18.49.18.png\",\"contentUrl\":\"https:\/\/auschwitz.net\/wp-content\/uploads\/2018\/03\/Captura-de-pantalla-2018-03-19-a-las-18.49.18.png\",\"width\":1192,\"height\":608,\"caption\":\"Imagen del interior de la exposici\u00f3n\"},{\"@type\":\"BreadcrumbList\",\"@id\":\"https:\/\/auschwitz.net\/es\/dia-mundial-agua\/#breadcrumb\",\"itemListElement\":[{\"@type\":\"ListItem\",\"position\":1,\"name\":\"Portada\",\"item\":\"https:\/\/auschwitz.net\/es\/?page_id=17381\"},{\"@type\":\"ListItem\",\"position\":2,\"name\":\"22 de marzo, precios reducidos para acceder a la exposici\u00f3n\"}]},{\"@type\":\"WebSite\",\"@id\":\"https:\/\/auschwitz.net\/#website\",\"url\":\"https:\/\/auschwitz.net\/\",\"name\":\"Auschwitz\",\"description\":\"Exposici\u00f3n Auschwitz, en Madrid hasta el 16 de junio de 2018. Una emotiva y rigurosa muestra sobre el mayor campo nazi alem\u00e1n, con m\u00e1s de 600 objetos originales.\",\"potentialAction\":[{\"@type\":\"SearchAction\",\"target\":{\"@type\":\"EntryPoint\",\"urlTemplate\":\"https:\/\/auschwitz.net\/?s={search_term_string}\"},\"query-input\":{\"@type\":\"PropertyValueSpecification\",\"valueRequired\":true,\"valueName\":\"search_term_string\"}}],\"inLanguage\":\"es\"},{\"@type\":\"Person\",\"@id\":\"https:\/\/auschwitz.net\/#\/schema\/person\/254b9fa5e9e47d8fc7cbf924240e9735\",\"name\":\"Auschwitz Exhibition\",\"image\":{\"@type\":\"ImageObject\",\"inLanguage\":\"es\",\"@id\":\"https:\/\/auschwitz.net\/#\/schema\/person\/image\/\",\"url\":\"https:\/\/secure.gravatar.com\/avatar\/b7fb7508f7906607487424635cc60d2d0859f0482242a09fbd0fcbfd88570f79?s=96&d=mm&r=g\",\"contentUrl\":\"https:\/\/secure.gravatar.com\/avatar\/b7fb7508f7906607487424635cc60d2d0859f0482242a09fbd0fcbfd88570f79?s=96&d=mm&r=g\",\"caption\":\"Auschwitz Exhibition\"},\"url\":\"https:\/\/auschwitz.net\/es\/author\/irene\/\"}]}<\/script>\n<!-- \/ Yoast SEO plugin. -->","yoast_head_json":{"title":"Notas de prensa - Exposici\u00f3n Auschwitz - 22 de marzo, D\u00eda Mundial del Agua","description":"Gracias a la colaboraci\u00f3n del\u00a0Canal de Isabel II\u00a0de Madrid, en cuyas instalaciones se aloja la exposici\u00f3n Auschwitz, las entradas para visitar la muestra tendr\u00e1n\u00a0durante la jornada del d\u00eda 22 un precio reducido de 6 \u20ac\u00a0(7 \u20ac con audiogu\u00eda), con el fin de unirse a este llamamiento mundial.","robots":{"index":"index","follow":"follow","max-snippet":"max-snippet:-1","max-image-preview":"max-image-preview:large","max-video-preview":"max-video-preview:-1"},"canonical":"https:\/\/auschwitz.net\/es\/dia-mundial-agua\/","og_locale":"es_ES","og_type":"article","og_title":"Notas de prensa - Exposici\u00f3n Auschwitz - 22 de marzo, D\u00eda Mundial del Agua","og_description":"Gracias a la colaboraci\u00f3n del\u00a0Canal de Isabel II\u00a0de Madrid, en cuyas instalaciones se aloja la exposici\u00f3n Auschwitz, las entradas para visitar la muestra tendr\u00e1n\u00a0durante la jornada del d\u00eda 22 un precio reducido de 6 \u20ac\u00a0(7 \u20ac con audiogu\u00eda), con el fin de unirse a este llamamiento mundial.","og_url":"https:\/\/auschwitz.net\/es\/dia-mundial-agua\/","og_site_name":"Auschwitz","article_publisher":"https:\/\/www.facebook.com\/auschwitzexhibition\/","article_published_time":"2018-03-22T14:30:38+00:00","article_modified_time":"2018-03-22T14:31:53+00:00","og_image":[{"width":1192,"height":608,"url":"https:\/\/auschwitz.net\/wp-content\/uploads\/2018\/03\/Captura-de-pantalla-2018-03-19-a-las-18.49.18.png","type":"image\/png"}],"author":"Auschwitz Exhibition","twitter_card":"summary_large_image","twitter_creator":"@auschwitzxhibit","twitter_site":"@auschwitzxhibit","twitter_misc":{"Escrito por":"Auschwitz Exhibition"},"schema":{"@context":"https:\/\/schema.org","@graph":[{"@type":"Article","@id":"https:\/\/auschwitz.net\/es\/dia-mundial-agua\/#article","isPartOf":{"@id":"https:\/\/auschwitz.net\/es\/dia-mundial-agua\/"},"author":{"name":"Auschwitz Exhibition","@id":"https:\/\/auschwitz.net\/#\/schema\/person\/254b9fa5e9e47d8fc7cbf924240e9735"},"headline":"22 de marzo, precios reducidos para acceder a la exposici\u00f3n","datePublished":"2018-03-22T14:30:38+00:00","dateModified":"2018-03-22T14:31:53+00:00","mainEntityOfPage":{"@id":"https:\/\/auschwitz.net\/es\/dia-mundial-agua\/"},"wordCount":10,"image":{"@id":"https:\/\/auschwitz.net\/es\/dia-mundial-agua\/#primaryimage"},"thumbnailUrl":"https:\/\/auschwitz.net\/wp-content\/uploads\/2018\/03\/Captura-de-pantalla-2018-03-19-a-las-18.49.18.png","articleSection":["Notas de prensa"],"inLanguage":"es"},{"@type":"WebPage","@id":"https:\/\/auschwitz.net\/es\/dia-mundial-agua\/","url":"https:\/\/auschwitz.net\/es\/dia-mundial-agua\/","name":"Notas de prensa - Exposici\u00f3n Auschwitz - 22 de marzo, D\u00eda Mundial del Agua","isPartOf":{"@id":"https:\/\/auschwitz.net\/#website"},"primaryImageOfPage":{"@id":"https:\/\/auschwitz.net\/es\/dia-mundial-agua\/#primaryimage"},"image":{"@id":"https:\/\/auschwitz.net\/es\/dia-mundial-agua\/#primaryimage"},"thumbnailUrl":"https:\/\/auschwitz.net\/wp-content\/uploads\/2018\/03\/Captura-de-pantalla-2018-03-19-a-las-18.49.18.png","datePublished":"2018-03-22T14:30:38+00:00","dateModified":"2018-03-22T14:31:53+00:00","author":{"@id":"https:\/\/auschwitz.net\/#\/schema\/person\/254b9fa5e9e47d8fc7cbf924240e9735"},"description":"Gracias a la colaboraci\u00f3n del\u00a0Canal de Isabel II\u00a0de Madrid, en cuyas instalaciones se aloja la exposici\u00f3n Auschwitz, las entradas para visitar la muestra tendr\u00e1n\u00a0durante la jornada del d\u00eda 22 un precio reducido de 6 \u20ac\u00a0(7 \u20ac con audiogu\u00eda), con el fin de unirse a este llamamiento mundial.","breadcrumb":{"@id":"https:\/\/auschwitz.net\/es\/dia-mundial-agua\/#breadcrumb"},"inLanguage":"es","potentialAction":[{"@type":"ReadAction","target":["https:\/\/auschwitz.net\/es\/dia-mundial-agua\/"]}]},{"@type":"ImageObject","inLanguage":"es","@id":"https:\/\/auschwitz.net\/es\/dia-mundial-agua\/#primaryimage","url":"https:\/\/auschwitz.net\/wp-content\/uploads\/2018\/03\/Captura-de-pantalla-2018-03-19-a-las-18.49.18.png","contentUrl":"https:\/\/auschwitz.net\/wp-content\/uploads\/2018\/03\/Captura-de-pantalla-2018-03-19-a-las-18.49.18.png","width":1192,"height":608,"caption":"Imagen del interior de la exposici\u00f3n"},{"@type":"BreadcrumbList","@id":"https:\/\/auschwitz.net\/es\/dia-mundial-agua\/#breadcrumb","itemListElement":[{"@type":"ListItem","position":1,"name":"Portada","item":"https:\/\/auschwitz.net\/es\/?page_id=17381"},{"@type":"ListItem","position":2,"name":"22 de marzo, precios reducidos para acceder a la exposici\u00f3n"}]},{"@type":"WebSite","@id":"https:\/\/auschwitz.net\/#website","url":"https:\/\/auschwitz.net\/","name":"Auschwitz","description":"Exposici\u00f3n Auschwitz, en Madrid hasta el 16 de junio de 2018. Una emotiva y rigurosa muestra sobre el mayor campo nazi alem\u00e1n, con m\u00e1s de 600 objetos originales.","potentialAction":[{"@type":"SearchAction","target":{"@type":"EntryPoint","urlTemplate":"https:\/\/auschwitz.net\/?s={search_term_string}"},"query-input":{"@type":"PropertyValueSpecification","valueRequired":true,"valueName":"search_term_string"}}],"inLanguage":"es"},{"@type":"Person","@id":"https:\/\/auschwitz.net\/#\/schema\/person\/254b9fa5e9e47d8fc7cbf924240e9735","name":"Auschwitz Exhibition","image":{"@type":"ImageObject","inLanguage":"es","@id":"https:\/\/auschwitz.net\/#\/schema\/person\/image\/","url":"https:\/\/secure.gravatar.com\/avatar\/b7fb7508f7906607487424635cc60d2d0859f0482242a09fbd0fcbfd88570f79?s=96&d=mm&r=g","contentUrl":"https:\/\/secure.gravatar.com\/avatar\/b7fb7508f7906607487424635cc60d2d0859f0482242a09fbd0fcbfd88570f79?s=96&d=mm&r=g","caption":"Auschwitz Exhibition"},"url":"https:\/\/auschwitz.net\/es\/author\/irene\/"}]}},"_links":{"self":[{"href":"https:\/\/auschwitz.net\/es\/wp-json\/wp\/v2\/posts\/10187","targetHints":{"allow":["GET"]}}],"collection":[{"href":"https:\/\/auschwitz.net\/es\/wp-json\/wp\/v2\/posts"}],"about":[{"href":"https:\/\/auschwitz.net\/es\/wp-json\/wp\/v2\/types\/post"}],"author":[{"embeddable":true,"href":"https:\/\/auschwitz.net\/es\/wp-json\/wp\/v2\/users\/6"}],"replies":[{"embeddable":true,"href":"https:\/\/auschwitz.net\/es\/wp-json\/wp\/v2\/comments?post=10187"}],"version-history":[{"count":5,"href":"https:\/\/auschwitz.net\/es\/wp-json\/wp\/v2\/posts\/10187\/revisions"}],"predecessor-version":[{"id":10201,"href":"https:\/\/auschwitz.net\/es\/wp-json\/wp\/v2\/posts\/10187\/revisions\/10201"}],"wp:featuredmedia":[{"embeddable":true,"href":"https:\/\/auschwitz.net\/es\/wp-json\/wp\/v2\/media\/10190"}],"wp:attachment":[{"href":"https:\/\/auschwitz.net\/es\/wp-json\/wp\/v2\/media?parent=10187"}],"wp:term":[{"taxonomy":"category","embeddable":true,"href":"https:\/\/auschwitz.net\/es\/wp-json\/wp\/v2\/categories?post=10187"},{"taxonomy":"post_tag","embeddable":true,"href":"https:\/\/auschwitz.net\/es\/wp-json\/wp\/v2\/tags?post=10187"}],"curies":[{"name":"wp","href":"https:\/\/api.w.org\/{rel}","templated":true}]}}